{"id":109521,"date":"2021-01-18T15:14:10","date_gmt":"2021-01-18T20:14:10","guid":{"rendered":"https:\/\/linitiative.ca\/International\/international-barca-griezmann-degoute-apres-la-defaite-contre-bilbao\/"},"modified":"2021-01-18T15:14:10","modified_gmt":"2021-01-18T20:14:10","slug":"international-barca-griezmann-degoute-apres-la-defaite-contre-bilbao","status":"publish","type":"post","link":"https:\/\/linitiative.ca\/International\/international-barca-griezmann-degoute-apres-la-defaite-contre-bilbao\/","title":{"rendered":"International : Barca : Griezmann d\u00e9go\u00fbt\u00e9 apr\u00e8s la d\u00e9faite contre Bilbao"},"content":{"rendered":"<div readability=\"32\">\n<p>Auteur : <span class=\"time\">lundi 18 janvier 2021 13:30<\/span><\/p>\n<\/div>\n<div id=\"post_core\" readability=\"49\">\n<p>Pour sa premi\u00e8re finale avec le Barca, le Champion du monde n\u2019est pas pass\u00e9 loin d\u2019offrir un troph\u00e9e au club catalan. Apr\u00e8s cette d\u00e9faite, Griezmann a exprim\u00e9 sa d\u00e9ception en zone de presse.\u00a0\u00ab Nous sommes d\u00e9go\u00fbt\u00e9s, en col\u00e8re, boulevers\u00e9s, tout. Tout, quand tu perds une finale, tu n\u2019\u00e9prouves que des mauvais sentiments.(\u2026) Nous avons commis des erreurs et nous devons encore nous am\u00e9liorer. \u00bb\u00a0L\u2019ancien de l\u2019Atl\u00e9tico Madrid est aussi revenu sur le but qui a entra\u00een\u00e9 l\u2019\u00e9galisation des Basques.\u00a0\u00ab C\u2019est une action sur laquelle on a mal d\u00e9fendu, on ne se parle pas. Nous devons travailler l\u00e0-dessus. On doit s\u2019am\u00e9liorer, car ce sont des d\u00e9tails tr\u00e8s importants. Quand le ballon part ou quand il faut commencer \u00e0 courir, il faut que quelqu\u2019un crie. Parfois, on crie et parfois non. Eux, ils y ont cru jusqu&rsquo;\u00e0 la derni\u00e8re minute et ils ont tr\u00e8s bien jou\u00e9. \u00bb Des propos rapport\u00e9s par Footmercato.<\/p>\n<p><strong>Publi\u00e9 dans :<\/strong> <span>Bilbao<\/span> <span>Barca : Griezmann<\/span><\/p>\n<\/div>\n<p>Auteur:<br \/>\n<a href=\"http:\/\/www.lebuteur.com\/article\/detail?titre=barca-griezmann-degoute-apres-la-defaite-contre-bilbao&#038;id=98765&#038;utm_source=feedburner&#038;utm_medium=feed&#038;utm_campaign=Feed%3A+GalerieFArtciles+%28Les+derniers+articles++-+lebuteur.com%29\">Cliquez ici pour lire l&rsquo;article depuis sa source.<\/a><\/p>\n","protected":false},"excerpt":{"rendered":"<p>Auteur : lundi 18 janvier 2021 13:30 Pour sa premi\u00e8re finale avec le Barca, le Champion du monde n\u2019est pas pass\u00e9 loin d\u2019offrir un troph\u00e9e au club catalan. Apr\u00e8s cette d\u00e9faite, Griezmann a exprim\u00e9 sa d\u00e9ception en zone de presse.\u00a0\u00ab Nous sommes d\u00e9go\u00fbt\u00e9s, en col\u00e8re, boulevers\u00e9s, tout. Tout, quand tu perds une finale, tu n\u2019\u00e9prouves [&hellip;]<\/p>\n","protected":false},"author":1738,"featured_media":0,"comment_status":"closed","ping_status":"closed","sticky":false,"template":"","format":"standard","meta":{"fifu_image_url":"\/\/cdn.lebuteur.com\/data\/images\/article\/thumbs\/large-98765barca-griezmann-degoute-apres-la-defaite-contre-bilbao-43fc2.jpg","fifu_image_alt":"International : Barca : Griezmann d\u00e9go\u00fbt\u00e9 apr\u00e8s la d\u00e9faite contre Bilbao","footnotes":""},"categories":[53,75],"tags":[],"class_list":["post-109521","post","type-post","status-publish","format-standard","hentry","category-algerie","category-sport"],"_links":{"self":[{"href":"https:\/\/linitiative.ca\/International\/wp-json\/wp\/v2\/posts\/109521","targetHints":{"allow":["GET"]}}],"collection":[{"href":"https:\/\/linitiative.ca\/International\/wp-json\/wp\/v2\/posts"}],"about":[{"href":"https:\/\/linitiative.ca\/International\/wp-json\/wp\/v2\/types\/post"}],"author":[{"embeddable":true,"href":"https:\/\/linitiative.ca\/International\/wp-json\/wp\/v2\/users\/1738"}],"replies":[{"embeddable":true,"href":"https:\/\/linitiative.ca\/International\/wp-json\/wp\/v2\/comments?post=109521"}],"version-history":[{"count":0,"href":"https:\/\/linitiative.ca\/International\/wp-json\/wp\/v2\/posts\/109521\/revisions"}],"wp:attachment":[{"href":"https:\/\/linitiative.ca\/International\/wp-json\/wp\/v2\/media?parent=109521"}],"wp:term":[{"taxonomy":"category","embeddable":true,"href":"https:\/\/linitiative.ca\/International\/wp-json\/wp\/v2\/categories?post=109521"},{"taxonomy":"post_tag","embeddable":true,"href":"https:\/\/linitiative.ca\/International\/wp-json\/wp\/v2\/tags?post=109521"}],"curies":[{"name":"wp","href":"https:\/\/api.w.org\/{rel}","templated":true}]}}