{"id":109522,"date":"2021-01-18T15:14:12","date_gmt":"2021-01-18T20:14:12","guid":{"rendered":"https:\/\/linitiative.ca\/International\/international-tottenham-dele-alli-continue-de-faire-le-forcing\/"},"modified":"2021-01-18T15:14:12","modified_gmt":"2021-01-18T20:14:12","slug":"international-tottenham-dele-alli-continue-de-faire-le-forcing","status":"publish","type":"post","link":"https:\/\/linitiative.ca\/International\/international-tottenham-dele-alli-continue-de-faire-le-forcing\/","title":{"rendered":"International : Tottenham : Dele Alli continue de faire le forcing"},"content":{"rendered":"<div readability=\"32\">\n<p>Auteur : <span class=\"time\">lundi 18 janvier 2021 14:30<\/span><\/p>\n<\/div>\n<div id=\"post_core\" readability=\"45\">\n<p>Pour l&rsquo;instant, on sait surtout que Tottenham ne souhaite pas laisser filer son milieu de terrain, au temps de jeu rachitique pourtant (75 minutes en PL cette saison). Quant au PSG, le club de la capitale serait bel et bien int\u00e9ress\u00e9.<\/p>\n<p>Selon Footmercato, le milieu de terrain de 24 ans n&rsquo;est pas dans le groupe des Spurs pour le match face \u00e0 Sheffield. Il fait ainsi le forcing pour rejoindre Paris sous forme de pr\u00eat, alors que les deux clubs continuent de n\u00e9gocier&#8230;<\/p>\n<p><strong>Publi\u00e9 dans :<\/strong> <span>Tottenham<\/span> <span>PSG : Dele Alli<\/span><\/p>\n<\/div>\n<p>Auteur:<br \/>\n<a href=\"http:\/\/www.lebuteur.com\/article\/detail?titre=tottenham-dele-alli-continue-de-faire-le-forcing&#038;id=98766&#038;utm_source=feedburner&#038;utm_medium=feed&#038;utm_campaign=Feed%3A+GalerieFArtciles+%28Les+derniers+articles++-+lebuteur.com%29\">Cliquez ici pour lire l&rsquo;article depuis sa source.<\/a><\/p>\n","protected":false},"excerpt":{"rendered":"<p>Auteur : lundi 18 janvier 2021 14:30 Pour l&rsquo;instant, on sait surtout que Tottenham ne souhaite pas laisser filer son milieu de terrain, au temps de jeu rachitique pourtant (75 minutes en PL cette saison). Quant au PSG, le club de la capitale serait bel et bien int\u00e9ress\u00e9. Selon Footmercato, le milieu de terrain de [&hellip;]<\/p>\n","protected":false},"author":1738,"featured_media":0,"comment_status":"closed","ping_status":"closed","sticky":false,"template":"","format":"standard","meta":{"fifu_image_url":"\/\/cdn.lebuteur.com\/data\/images\/article\/thumbs\/large-98766tottenham-dele-alli-continue-de-faire-le-forcing-ef25f.jpg","fifu_image_alt":"International : Tottenham : Dele Alli continue de faire le forcing","footnotes":""},"categories":[53,75],"tags":[],"class_list":["post-109522","post","type-post","status-publish","format-standard","hentry","category-algerie","category-sport"],"_links":{"self":[{"href":"https:\/\/linitiative.ca\/International\/wp-json\/wp\/v2\/posts\/109522","targetHints":{"allow":["GET"]}}],"collection":[{"href":"https:\/\/linitiative.ca\/International\/wp-json\/wp\/v2\/posts"}],"about":[{"href":"https:\/\/linitiative.ca\/International\/wp-json\/wp\/v2\/types\/post"}],"author":[{"embeddable":true,"href":"https:\/\/linitiative.ca\/International\/wp-json\/wp\/v2\/users\/1738"}],"replies":[{"embeddable":true,"href":"https:\/\/linitiative.ca\/International\/wp-json\/wp\/v2\/comments?post=109522"}],"version-history":[{"count":0,"href":"https:\/\/linitiative.ca\/International\/wp-json\/wp\/v2\/posts\/109522\/revisions"}],"wp:attachment":[{"href":"https:\/\/linitiative.ca\/International\/wp-json\/wp\/v2\/media?parent=109522"}],"wp:term":[{"taxonomy":"category","embeddable":true,"href":"https:\/\/linitiative.ca\/International\/wp-json\/wp\/v2\/categories?post=109522"},{"taxonomy":"post_tag","embeddable":true,"href":"https:\/\/linitiative.ca\/International\/wp-json\/wp\/v2\/tags?post=109522"}],"curies":[{"name":"wp","href":"https:\/\/api.w.org\/{rel}","templated":true}]}}