{"id":109523,"date":"2021-01-18T15:14:14","date_gmt":"2021-01-18T20:14:14","guid":{"rendered":"https:\/\/linitiative.ca\/International\/pros-delort-met-les-choses-au-clair-sur-sa-relation-avec-neymar\/"},"modified":"2021-01-18T15:14:14","modified_gmt":"2021-01-18T20:14:14","slug":"pros-delort-met-les-choses-au-clair-sur-sa-relation-avec-neymar","status":"publish","type":"post","link":"https:\/\/linitiative.ca\/International\/pros-delort-met-les-choses-au-clair-sur-sa-relation-avec-neymar\/","title":{"rendered":"Pros : Delort met les choses au clair sur sa relation avec Neymar !"},"content":{"rendered":"<div readability=\"32\">\n<p>Auteur : <span class=\"time\">lundi 18 janvier 2021 15:33<\/span><\/p>\n<\/div>\n<div id=\"post_core\" readability=\"42\">\n<p>Par le pass\u00e9, la relation entre Andy Delort et Neymar a \u00e9t\u00e9 particuli\u00e8rement tendue. En d\u00e9cembre 2019, l\u2019attaquant de Montpellier avait eu une vive altercation avec l\u2019international br\u00e9silien dans les couloirs de la Mosson. Andy Delort n\u2019avait ensuite pas h\u00e9sit\u00e9 \u00e0 s\u2019en prendre \u00e0 Neymar, mais aussi \u00e0 Paredes qui avait pris position pour son co\u00e9quipier. \u00ab Il s\u2019est pass\u00e9 un truc en regagnant le vestiaire. Et \u00e7a a fait le buzz car c\u2019\u00e9tait lui. Que ce soit Neymar ou un autre, peu importe. Il reste un homme et un joueur extraordinaire. Mais il n\u2019a pas besoin de chambrer ses adversaires. Je lui ai reproch\u00e9 son attitude un peu hautaine. Il me tenait \u00e0 c\u0153ur de le lui dire en face. Zlatan pouvait faire des d\u00e9clarations dans les m\u00e9dias, mais sur un terrain, lui au moins \u00e9tait hyper respectueux \u00bb avait d\u00e9clar\u00e9 le joueur en janvier 2020 dans un entretien \u00e0 Parisien. Depuis, l\u2019eau a coul\u00e9 sous les ponts et Andy Delort a assur\u00e9 que sa relation avec Neymar \u00e9tait au beau fixe. \u00ab Il n\u2019y a plus rien avec Neymar et Paredes ? Non \u00e7a va. Avec Neymar \u00e7a va. On s\u2019est charri\u00e9. \u00c7a m\u2019a bien fait rire ce qu\u2019il a fait. On a rigol\u00e9 sur le terrain aussi. Aujourd\u2019hui \u00e7a va \u00bb a confi\u00e9 l&rsquo;international alg\u00e9rien\u00a0 dans un entretien accord\u00e9 \u00e0 T\u00e9l\u00e9foot et comme rapport\u00e9 par Le 10 Sport.<\/p>\n<p><strong>Publi\u00e9 dans :<\/strong> <span>DeNeymar<\/span><\/p>\n<\/div>\n<p>Auteur:<br \/>\n<a href=\"http:\/\/www.lebuteur.com\/article\/detail?titre=delort-met-les-choses-au-clair-sur-sa-relation-avec-neymar&#038;id=98767&#038;utm_source=feedburner&#038;utm_medium=feed&#038;utm_campaign=Feed%3A+GalerieFArtciles+%28Les+derniers+articles++-+lebuteur.com%29\">Cliquez ici pour lire l&rsquo;article depuis sa source.<\/a><\/p>\n","protected":false},"excerpt":{"rendered":"<p>Auteur : lundi 18 janvier 2021 15:33 Par le pass\u00e9, la relation entre Andy Delort et Neymar a \u00e9t\u00e9 particuli\u00e8rement tendue. En d\u00e9cembre 2019, l\u2019attaquant de Montpellier avait eu une vive altercation avec l\u2019international br\u00e9silien dans les couloirs de la Mosson. Andy Delort n\u2019avait ensuite pas h\u00e9sit\u00e9 \u00e0 s\u2019en prendre \u00e0 Neymar, mais aussi \u00e0 [&hellip;]<\/p>\n","protected":false},"author":1738,"featured_media":0,"comment_status":"closed","ping_status":"closed","sticky":false,"template":"","format":"standard","meta":{"fifu_image_url":"\/\/cdn.lebuteur.com\/data\/images\/article\/thumbs\/large-delort-met-les-choses-au-clair-sur-sa-relation-avec-neymar-98ff4.jpg","fifu_image_alt":"Pros : Delort met les choses au clair sur sa relation avec Neymar !","footnotes":""},"categories":[53,75],"tags":[],"class_list":["post-109523","post","type-post","status-publish","format-standard","hentry","category-algerie","category-sport"],"_links":{"self":[{"href":"https:\/\/linitiative.ca\/International\/wp-json\/wp\/v2\/posts\/109523","targetHints":{"allow":["GET"]}}],"collection":[{"href":"https:\/\/linitiative.ca\/International\/wp-json\/wp\/v2\/posts"}],"about":[{"href":"https:\/\/linitiative.ca\/International\/wp-json\/wp\/v2\/types\/post"}],"author":[{"embeddable":true,"href":"https:\/\/linitiative.ca\/International\/wp-json\/wp\/v2\/users\/1738"}],"replies":[{"embeddable":true,"href":"https:\/\/linitiative.ca\/International\/wp-json\/wp\/v2\/comments?post=109523"}],"version-history":[{"count":0,"href":"https:\/\/linitiative.ca\/International\/wp-json\/wp\/v2\/posts\/109523\/revisions"}],"wp:attachment":[{"href":"https:\/\/linitiative.ca\/International\/wp-json\/wp\/v2\/media?parent=109523"}],"wp:term":[{"taxonomy":"category","embeddable":true,"href":"https:\/\/linitiative.ca\/International\/wp-json\/wp\/v2\/categories?post=109523"},{"taxonomy":"post_tag","embeddable":true,"href":"https:\/\/linitiative.ca\/International\/wp-json\/wp\/v2\/tags?post=109523"}],"curies":[{"name":"wp","href":"https:\/\/api.w.org\/{rel}","templated":true}]}}