{"id":109525,"date":"2021-01-18T15:14:18","date_gmt":"2021-01-18T20:14:18","guid":{"rendered":"https:\/\/linitiative.ca\/International\/pros-salah-devance-mahrez-dans-la-liste-du-meilleur-joueur-arabe-devoilee-par-goal-arabic\/"},"modified":"2021-01-18T15:14:18","modified_gmt":"2021-01-18T20:14:18","slug":"pros-salah-devance-mahrez-dans-la-liste-du-meilleur-joueur-arabe-devoilee-par-goal-arabic","status":"publish","type":"post","link":"https:\/\/linitiative.ca\/International\/pros-salah-devance-mahrez-dans-la-liste-du-meilleur-joueur-arabe-devoilee-par-goal-arabic\/","title":{"rendered":"Pros : Salah devance Mahrez dans la liste du meilleur joueur arabe d\u00e9voil\u00e9e par Goal Arabic"},"content":{"rendered":"<div readability=\"32\">\n<p>Auteur : <span class=\"time\">lundi 18 janvier 2021 20:40<\/span><\/p>\n<\/div>\n<div id=\"post_core\" readability=\"49\">\n<p>Les votes d&rsquo;experts sur lesquels s&rsquo;est appuy\u00e9 Goal Global pour ce sondage ont \u00e9t\u00e9 en faveur de Salah, en raison de son r\u00f4le influent \u00e0 Liverpool et au titre en Premier League remport\u00e9 avec les Reds.<\/p>\n<p>Riyad Mahrez est arriv\u00e9 deuxi\u00e8me du classement. La saison derni\u00e8re ayant \u00e9t\u00e9 la meilleure de l&rsquo;international alg\u00e9rien sous le maillot de Manchester City, en terme de statistiques.<\/p>\n<p>De son c\u00f4t\u00e9, Ismail Bennacer, la star du Milan AC, a termin\u00e9 cinqui\u00e8me du classement suivi par Ramy Bensebaini, sixi\u00e8me. Aissa Mandi, le d\u00e9fenseur du Real Betis, occupe quand \u00e0 lui la dixi\u00e8me place de ce classement. Said Benrahma la treizi\u00e8me place.<\/p>\n<p><strong>Publi\u00e9 dans :<\/strong> <span>Mahrez<\/span><\/p>\n<\/div>\n<p>Auteur:<br \/>\n<a href=\"http:\/\/www.lebuteur.com\/article\/detail?titre=salah-devance-mahrez-dans-la-liste-du-meilleur-joueur-arabe-devoilee-par-goal-arabic&#038;id=98769&#038;utm_source=feedburner&#038;utm_medium=feed&#038;utm_campaign=Feed%3A+GalerieFArtciles+%28Les+derniers+articles++-+lebuteur.com%29\">Cliquez ici pour lire l&rsquo;article depuis sa source.<\/a><\/p>\n","protected":false},"excerpt":{"rendered":"<p>Auteur : lundi 18 janvier 2021 20:40 Les votes d&rsquo;experts sur lesquels s&rsquo;est appuy\u00e9 Goal Global pour ce sondage ont \u00e9t\u00e9 en faveur de Salah, en raison de son r\u00f4le influent \u00e0 Liverpool et au titre en Premier League remport\u00e9 avec les Reds. Riyad Mahrez est arriv\u00e9 deuxi\u00e8me du classement. La saison derni\u00e8re ayant \u00e9t\u00e9 [&hellip;]<\/p>\n","protected":false},"author":1738,"featured_media":0,"comment_status":"closed","ping_status":"closed","sticky":false,"template":"","format":"standard","meta":{"fifu_image_url":"\/\/cdn.lebuteur.com\/data\/images\/article\/thumbs\/large-salah-devance-mahrez-dans-la-liste-du-meilleur-joueur-arabe-devoilee-par-goal-global-d612c.jpg","fifu_image_alt":"Pros : Salah devance Mahrez dans la liste du meilleur joueur arabe d\u00e9voil\u00e9e par Goal Arabic","footnotes":""},"categories":[53,75],"tags":[],"class_list":["post-109525","post","type-post","status-publish","format-standard","hentry","category-algerie","category-sport"],"_links":{"self":[{"href":"https:\/\/linitiative.ca\/International\/wp-json\/wp\/v2\/posts\/109525","targetHints":{"allow":["GET"]}}],"collection":[{"href":"https:\/\/linitiative.ca\/International\/wp-json\/wp\/v2\/posts"}],"about":[{"href":"https:\/\/linitiative.ca\/International\/wp-json\/wp\/v2\/types\/post"}],"author":[{"embeddable":true,"href":"https:\/\/linitiative.ca\/International\/wp-json\/wp\/v2\/users\/1738"}],"replies":[{"embeddable":true,"href":"https:\/\/linitiative.ca\/International\/wp-json\/wp\/v2\/comments?post=109525"}],"version-history":[{"count":0,"href":"https:\/\/linitiative.ca\/International\/wp-json\/wp\/v2\/posts\/109525\/revisions"}],"wp:attachment":[{"href":"https:\/\/linitiative.ca\/International\/wp-json\/wp\/v2\/media?parent=109525"}],"wp:term":[{"taxonomy":"category","embeddable":true,"href":"https:\/\/linitiative.ca\/International\/wp-json\/wp\/v2\/categories?post=109525"},{"taxonomy":"post_tag","embeddable":true,"href":"https:\/\/linitiative.ca\/International\/wp-json\/wp\/v2\/tags?post=109525"}],"curies":[{"name":"wp","href":"https:\/\/api.w.org\/{rel}","templated":true}]}}