{"id":109526,"date":"2021-01-18T13:45:38","date_gmt":"2021-01-18T18:45:38","guid":{"rendered":"https:\/\/linitiative.ca\/International\/mondial-2021-de-handball-portugal-26-algerie-19-reaction-encourageante-du-sept-national\/"},"modified":"2021-01-18T13:45:38","modified_gmt":"2021-01-18T18:45:38","slug":"mondial-2021-de-handball-portugal-26-algerie-19-reaction-encourageante-du-sept-national","status":"publish","type":"post","link":"https:\/\/linitiative.ca\/International\/mondial-2021-de-handball-portugal-26-algerie-19-reaction-encourageante-du-sept-national\/","title":{"rendered":"Mondial 2021 de handball. Portugal 26 \u2013 Alg\u00e9rie 19 : R\u00e9action encourageante du sept national"},"content":{"rendered":"<h4 class=\"title-14\"\/>\n<p>La s\u00e9lection nationale de handball a boucl\u00e9 le premier tour du Mondial qui se d\u00e9roule en Egypte par une autre d\u00e9faite face au leader du groupe F, le Portugal, en s\u2019inclinant sur le score de (26-19).<\/p>\n<p>La premi\u00e8re mi-temps s\u2019est termin\u00e9e sur le score de 14 \u00e0 9 en faveur du Portugal. En d\u00e9pit de cette d\u00e9faite, le sept national aura fourni son meilleur match depuis le d\u00e9but du tournoi, notamment en premi\u00e8re p\u00e9riode.<\/p>\n<p>Tr\u00e8s compact en d\u00e9fense, mais moins efficace\u00a0\u00a0en attaque avec l\u2019incorporation d\u2019\u00e9l\u00e9ment jeunes, les poulains d\u2019Alain Portes ont su contenir les assauts des portugais et ne pas se laisser distancer.<\/p>\n<p>Le manque d\u2019exp\u00e9rience chez certains joueurs n\u2019a pas permis \u00e0 l\u2019\u00e9quipe nationale de bien g\u00e9rer les temps forts surtout en seconde mi-temps. Mieux, dans les trois derni\u00e8res minutes, les camarades de Berkous n\u2019ont pas su profiter de leur sup\u00e9riorit\u00e9 num\u00e9rique pour r\u00e9duire l\u2019\u00e9cart.<\/p>\n<p>Ce sont plus t\u00f4t les Portugais qui mettront \u00e0 profit l\u2019exc\u00e8s de pr\u00e9cipitation des Beldjilali et Hadj Sadouk pour terminer la partie avec sept buts d\u2019\u00e9cart (26-19).<\/p>\n<p>L\u2019Alg\u00e9rie disputera mercredi son premier match du deuxi\u00e8me tour contre la France.<\/p>\n<p><span class=\"post-views-label\">Post Views:<\/span> <span class=\"post-views-count\">1\u00a0065<\/span><\/p>\n<p><br class=\"c2\"\/><\/p>\n<div class=\"ichhar-moneytagnative c5\" id=\"ichhar-1203254886\">\n<p>Advertisements<\/p>\n<\/div>\n<p><br class=\"c2\"\/><br class=\"c6\"\/><\/p>\n<p>Auteur: Mohand Yahiaoui<br \/>\n<a href=\"https:\/\/www.elwatan.com\/edition\/sports\/mondial-2021-de-handball-portugal-26-algerie-19-reaction-encourageante-du-sept-national-18-01-2021\">Cliquez ici pour lire l&rsquo;article depuis sa source.<\/a><\/p>\n","protected":false},"excerpt":{"rendered":"<p>La s\u00e9lection nationale de handball a boucl\u00e9 le premier tour du Mondial qui se d\u00e9roule en Egypte par une autre d\u00e9faite face au leader du groupe F, le Portugal, en s\u2019inclinant sur le score de (26-19). La premi\u00e8re mi-temps s\u2019est termin\u00e9e sur le score de 14 \u00e0 9 en faveur du Portugal. En d\u00e9pit de [&hellip;]<\/p>\n","protected":false},"author":1743,"featured_media":0,"comment_status":"closed","ping_status":"closed","sticky":false,"template":"","format":"standard","meta":{"fifu_image_url":"","fifu_image_alt":"","footnotes":""},"categories":[73,53],"tags":[],"class_list":["post-109526","post","type-post","status-publish","format-standard","hentry","category-actualite","category-algerie"],"_links":{"self":[{"href":"https:\/\/linitiative.ca\/International\/wp-json\/wp\/v2\/posts\/109526","targetHints":{"allow":["GET"]}}],"collection":[{"href":"https:\/\/linitiative.ca\/International\/wp-json\/wp\/v2\/posts"}],"about":[{"href":"https:\/\/linitiative.ca\/International\/wp-json\/wp\/v2\/types\/post"}],"author":[{"embeddable":true,"href":"https:\/\/linitiative.ca\/International\/wp-json\/wp\/v2\/users\/1743"}],"replies":[{"embeddable":true,"href":"https:\/\/linitiative.ca\/International\/wp-json\/wp\/v2\/comments?post=109526"}],"version-history":[{"count":0,"href":"https:\/\/linitiative.ca\/International\/wp-json\/wp\/v2\/posts\/109526\/revisions"}],"wp:attachment":[{"href":"https:\/\/linitiative.ca\/International\/wp-json\/wp\/v2\/media?parent=109526"}],"wp:term":[{"taxonomy":"category","embeddable":true,"href":"https:\/\/linitiative.ca\/International\/wp-json\/wp\/v2\/categories?post=109526"},{"taxonomy":"post_tag","embeddable":true,"href":"https:\/\/linitiative.ca\/International\/wp-json\/wp\/v2\/tags?post=109526"}],"curies":[{"name":"wp","href":"https:\/\/api.w.org\/{rel}","templated":true}]}}