{"id":109527,"date":"2021-01-18T09:54:00","date_gmt":"2021-01-18T14:54:00","guid":{"rendered":"https:\/\/linitiative.ca\/International\/hedi-bouraoui-tunisie-voila-ce-que-nous-avons-perdu\/"},"modified":"2021-01-18T09:54:00","modified_gmt":"2021-01-18T14:54:00","slug":"hedi-bouraoui-tunisie-voila-ce-que-nous-avons-perdu","status":"publish","type":"post","link":"https:\/\/linitiative.ca\/International\/hedi-bouraoui-tunisie-voila-ce-que-nous-avons-perdu\/","title":{"rendered":"H\u00e9di Bouraoui &#8211; Tunisie: Voil\u00e0 ce que nous avons perdu !"},"content":{"rendered":"<p><span class=\"c2\"><strong><img decoding=\"async\" src=\"\/uploads\/FCK_files\/Couv-Dix-ans__.jpg\" alt=\"\" width=\"40%\" vspace=\"5\" hspace=\"5\" align=\"right\"\/>H\u00e9di Bouraoui.<\/strong> <em>Professeur d\u2019universit\u00e9s, ancien doyen, essayiste, po\u00e8te, romancier &#8211;<\/em><\/span> Souvent je suis optimiste, mais en gros, je ne le suis pas pour la d\u00e9mocratie en notre pays&#8230;<\/p>\n<p>Impression que le pays n\u2019a pas m\u00fbri et qu\u2019il pr\u00e9f\u00e8re se mettre \u00e0 l\u2019abri de la dictature et comme \u00e7a il n\u2019a pas \u00e0 r\u00e9fl\u00e9chir pourvu qu\u2019il ait un bout de pain \u00e0 grignoter&#8230;<\/p>\n<p>Pour que le m\u00fbri soit pr\u00e9cis\u00e9 sinon notre histoire est mill\u00e9naire&#8230; son murissement est des plus grands.<\/p>\n<p>La lib\u00e9ration de la parole a \u00e9t\u00e9 un bien mais ce fut le brouhaha de trop de paroles assourdissantes ne menant \u00e0 rien&#8230; Et tous les progr\u00e8s introduits par Bourguiba \u00e0 travers l\u2019\u00e9ducation pour tous et la libert\u00e9 de la femme sont plus ou moins bafou\u00e9s&#8230;<\/p>\n<p>Quand je pense que feu Mohamed Talbi, le grand savant des trois religions du Livre, a montr\u00e9 un visage souriant de l\u2019Islam, les salafistes l\u2019ont menac\u00e9 de mort et il leur a dit venez si vous voulez me tuer, j\u2019ai 92 ans et plus rien \u00e0 perdre ni \u00e0 gagner&#8230;Voil\u00e0 ce que nous avons perdu !<\/p>\n<p><span class=\"c2\"><strong>Tunisie, Dix ans et dans Dix ans<\/strong><\/span><br \/><em>Ouvrage collectif sous la direction de Taoufik Habaieb<\/em><br \/>Editions Leaders, janvier 2021, 240 pages, 25 DT<\/p>\n<p class=\"c6\"><span class=\"c4\"><a href=\"http:\/\/www.leadersbooks.com.tn\"><span class=\"c3\">www.leadersbooks.com.tn<\/span><\/a><\/span><span class=\"c5\"><em><br \/><\/em><\/span><\/p>\n<p class=\"c7\"><strong>H\u00e9di Bouraoui<\/strong><br \/><span class=\"c5\"><em>Professeur d\u2019universit\u00e9s, ancien doyen, essayiste, po\u00e8te, romancier<\/em><\/span><\/p>\n<p><strong>Lire aussi<\/strong><\/p>\n<p><a href=\"https:\/\/www.leaders.com.tn\/article\/31276-ouided-bouchamaoui-trois-exigences-d-avenir\" target=\"_blank\" rel=\"noopener\">Ouided Bouchamaoui: Trois exigences d\u2019avenir<\/a><\/p>\n<p><a href=\"https:\/\/www.leaders.com.tn\/article\/31266-khadija-taoufik-moalla-accepter-de-perdre-des-batailles-jamais-la-guerre\" target=\"_blank\" rel=\"noopener\">Khadija Taoufik Moalla: Accepter de perdre des batailles\u2026jamais la guerre !<\/a><\/p>\n<p><a href=\"https:\/\/www.leaders.com.tn\/article\/31263-riadh-zghal-le-processus-democratique-est-il-irreversible\" target=\"_blank\" rel=\"noopener\">Riadh Zghal: Le processus d\u00e9mocratique est-il irr\u00e9versible ?<\/a><\/p>\n<p><a href=\"https:\/\/www.leaders.com.tn\/article\/31259-fadhel-abdelkefi-la-democratie-quand-meme\" target=\"_blank\" rel=\"noopener\">Fadhel Abdelk\u00e9fi: La d\u00e9mocratie quand m\u00eame !<\/a><\/p>\n<p><a href=\"https:\/\/www.leaders.com.tn\/article\/31256-sophie-bessis-aucun-veritable-consensus-n-a-ete-trouve-sur-des-questions-fondamentales\" target=\"_blank\" rel=\"noopener\">Sophie Bessis: Aucun v\u00e9ritable consensus n\u2019a \u00e9t\u00e9 trouv\u00e9 sur des questions fondamentales<\/a><\/p>\n<p><a href=\"https:\/\/www.leaders.com.tn\/article\/31258-khemaies-jhinaoui-la-tunisie-doit-montrer-au-monde-sa-capacite-de-se-developper-et-sa-volonte-de-cooperer-video\" target=\"_blank\" rel=\"noopener\">Khema\u00efes Jhinaoui : \u00ab La Tunisie doit montrer au monde sa capacit\u00e9 de se d\u00e9velopper et sa volont\u00e9 de coop\u00e9rer \u00bb (Vid\u00e9o)<\/a><\/p>\n<p><a href=\"https:\/\/www.leaders.com.tn\/article\/31247-hmayed-le-pecheur-surpris-par-la-revolution-nous-n-avons-pas-su-la-gerer-video\" target=\"_blank\" rel=\"noopener\">Hmayed, le p\u00eacheur : Surpris par la r\u00e9volution, nous n\u2019avons pas su la g\u00e9rer (Vid\u00e9o)<\/a><\/p>\n<p><a href=\"https:\/\/www.leaders.com.tn\/article\/31249-hichem-elloumi-sans-creation-d-emplois-de-croissance-et-de-richesses-la-democratie-risque-d-etre-menacee\" target=\"_blank\" rel=\"noopener\">Hichem Elloumi : \u00abSans cr\u00e9ation d\u2019emplois, de croissance et de richesses, la d\u00e9mocratie risque d\u2019\u00eatre menac\u00e9e\u00bb (Vid\u00e9o)<\/a><\/p>\n<p><a href=\"https:\/\/www.leaders.com.tn\/article\/31255-ahmed-ounaies-les-democrates-se-tiennent-en-alerte\" target=\"_blank\" rel=\"noopener\">Ahmed Ouna\u00efes: Les d\u00e9mocrates se tiennent en alerte<\/a><\/p>\n<p><a href=\"https:\/\/www.leaders.com.tn\/article\/31254-abdelaziz-kacem-un-printemps-qui-n-en-est-pas-un-video\" target=\"_blank\" rel=\"noopener\">Abdelaziz Kacem: Un printemps qui n\u2019en est pas un (Vid\u00e9o)<\/a><\/p>\n<p><a href=\"https:\/\/www.leaders.com.tn\/article\/31244-fadhel-moussa-la-tunisie-en-quete-d-une-reconfiguration-et-d-une-gouvernementalite\" target=\"_blank\" rel=\"noopener\">Fadhel Moussa: La Tunisie en qu\u00eate d\u2019une reconfiguration et d\u2019une gouvernementalit\u00e9<\/a><\/p>\n<p><a href=\"https:\/\/www.leaders.com.tn\/article\/31241-anis-marrakchi-sauvons-la-democratie-elle-a-des-vertus-que-l-autocratie-ne-peut-avoir\" target=\"_blank\" rel=\"noopener\">Anis Marrakchi: Sauvons la d\u00e9mocratie, elle a des vertus que l\u2019autocratie ne peut avoir<\/a><\/p>\n<p><a href=\"https:\/\/www.leaders.com.tn\/article\/31235-selma-mabrouk-la-revolution-et-apres-video\" target=\"_blank\" rel=\"noopener\">Selma Mabrouk: La r\u00e9volution et apr\u00e8s ? (Vid\u00e9o)<\/a><\/p>\n<p><a href=\"https:\/\/www.leaders.com.tn\/article\/31233-elyes-jouini-oeuvrer-au-retablissement-de-l-espoir\" target=\"_blank\" rel=\"noopener\">Ely\u00e8s Jouini: \u0152uvrer au r\u00e9tablissement de l\u2019espoir<\/a><\/p>\n<p><a href=\"https:\/\/www.leaders.com.tn\/article\/31226-ridha-ben-mosbah-sauver-la-transition-d-un-nouvel-echec-qui-serait-fatal\" target=\"_blank\" rel=\"noopener\">Ridha Ben Mosbah: Sauver la transition d\u2019un nouvel \u00e9chec qui serait fatal<\/a><\/p>\n<p><a href=\"https:\/\/www.leaders.com.tn\/article\/31218-mustapha-ben-jaafar-est-ce-l-heure-du-sursaut\" target=\"_blank\" rel=\"noopener\">Mustapha Ben Jaafar: Est-ce l\u2019heure du sursaut ?<\/a><\/p>\n<p><a href=\"https:\/\/www.leaders.com.tn\/article\/31221-yassine-brahim-plusieurs-batailles-sont-a-mener\" target=\"_blank\" rel=\"noopener\">Yassine Brahim: Plusieurs batailles sont \u00e0 mener&#8230; (Vid\u00e9o)<\/a><\/p>\n<p><a href=\"https:\/\/www.leaders.com.tn\/article\/31220-kamel-jendoubi-le-courage-d-un-peuple\" target=\"_blank\" rel=\"noopener\">Kamel Jendoubi: Le courage d\u2019un peuple<\/a><\/p>\n<p class=\"c6\"><a href=\"https:\/\/www.leaders.com.tn\/article\/31209-yadh-ben-achour-la-revolution-un-rappel-de-memoire\" target=\"_blank\" rel=\"noopener\">Yadh Ben Achour: La r\u00e9volution, un rappel de m\u00e9moire<\/a><\/p>\n<p class=\"c6\"><a href=\"https:\/\/www.leaders.com.tn\/article\/31191-mustapha-kamel-nabli-la-longue-marche-de-la-tunisie-de-l-espoir-fou-vers-le-grand-desespoir\" target=\"_blank\" rel=\"noopener\">Mustapha Kamel Nabli: La longue marche de la Tunisie de l\u2019\u00abespoir fou\u00bb vers le \u00abgrand d\u00e9sespoir\u00bb (Vid\u00e9o)<\/a><\/p>\n<p class=\"c6\"><a href=\"https:\/\/www.leaders.com.tn\/article\/31195-hakim-el-karoui-en-preface-du-livre-tunisie-dix-ans-et-dans-dix-ans-une-tunisie-democratique-libre-et-toujours-debout\" target=\"_blank\" rel=\"noopener\">Hakim El Karoui, en pr\u00e9face du livre Tunisie, Dix ans et dans Dix ans : Une Tunisie d\u00e9mocratique, libre et toujours debout<\/a><\/p>\n<p class=\"c6\"><a href=\"https:\/\/www.leaders.com.tn\/article\/31190-tunisie-2011-2021-ce-qu-il-faut-retenir-et-ce-qu-il-faut-batir-une-serie-d-interviews-video-et-un-ouvrage-collectif\" target=\"_blank\" rel=\"noopener\">Tunisie 2011 \u2013 2021 : Ce qu\u2019il faut retenir et ce qu\u2019il faut b\u00e2tir : une s\u00e9rie d\u2019interviews vid\u00e9o et un ouvrage collectif<\/a><\/p>\n<p class=\"c6\"><a href=\"https:\/\/www.leaders.com.tn\/article\/31189-mustapha-kamel-nabli-une-etroite-voie-de-sortie-existe-a-condition-video\" target=\"_blank\" rel=\"noopener\">Mustapha Kamel Nabli : Une \u00e9troite voie de sortie existe, \u00e0 condition &#8230; (Vid\u00e9o)<\/a><\/p>\n<p>Auteur:<br \/>\n<a href=\"https:\/\/www.leaders.com.tn\/article\/31280-hedi-bouraoui-voila-ce-que-nous-avons-perdu\">Cliquez ici pour lire l&rsquo;article depuis sa source.<\/a><\/p>\n","protected":false},"excerpt":{"rendered":"<p>H\u00e9di Bouraoui. Professeur d\u2019universit\u00e9s, ancien doyen, essayiste, po\u00e8te, romancier &#8211; Souvent je suis optimiste, mais en gros, je ne le suis pas pour la d\u00e9mocratie en notre pays&#8230; Impression que le pays n\u2019a pas m\u00fbri et qu\u2019il pr\u00e9f\u00e8re se mettre \u00e0 l\u2019abri de la dictature et comme \u00e7a il n\u2019a pas \u00e0 r\u00e9fl\u00e9chir pourvu qu\u2019il [&hellip;]<\/p>\n","protected":false},"author":1772,"featured_media":0,"comment_status":"closed","ping_status":"closed","sticky":false,"template":"","format":"standard","meta":{"fifu_image_url":"\/uploads\/FCK_files\/Couv-Dix-ans__.jpg","fifu_image_alt":"H\u00e9di Bouraoui - Tunisie: Voil\u00e0 ce que nous avons perdu !","footnotes":""},"categories":[73,55],"tags":[],"class_list":["post-109527","post","type-post","status-publish","format-standard","hentry","category-actualite","category-tunisie"],"_links":{"self":[{"href":"https:\/\/linitiative.ca\/International\/wp-json\/wp\/v2\/posts\/109527","targetHints":{"allow":["GET"]}}],"collection":[{"href":"https:\/\/linitiative.ca\/International\/wp-json\/wp\/v2\/posts"}],"about":[{"href":"https:\/\/linitiative.ca\/International\/wp-json\/wp\/v2\/types\/post"}],"author":[{"embeddable":true,"href":"https:\/\/linitiative.ca\/International\/wp-json\/wp\/v2\/users\/1772"}],"replies":[{"embeddable":true,"href":"https:\/\/linitiative.ca\/International\/wp-json\/wp\/v2\/comments?post=109527"}],"version-history":[{"count":0,"href":"https:\/\/linitiative.ca\/International\/wp-json\/wp\/v2\/posts\/109527\/revisions"}],"wp:attachment":[{"href":"https:\/\/linitiative.ca\/International\/wp-json\/wp\/v2\/media?parent=109527"}],"wp:term":[{"taxonomy":"category","embeddable":true,"href":"https:\/\/linitiative.ca\/International\/wp-json\/wp\/v2\/categories?post=109527"},{"taxonomy":"post_tag","embeddable":true,"href":"https:\/\/linitiative.ca\/International\/wp-json\/wp\/v2\/tags?post=109527"}],"curies":[{"name":"wp","href":"https:\/\/api.w.org\/{rel}","templated":true}]}}