{"id":109528,"date":"2021-01-18T10:31:00","date_gmt":"2021-01-18T15:31:00","guid":{"rendered":"https:\/\/linitiative.ca\/International\/fadhel-moussa-une-revolution-pas-comme-les-autres-video\/"},"modified":"2021-01-18T10:31:00","modified_gmt":"2021-01-18T15:31:00","slug":"fadhel-moussa-une-revolution-pas-comme-les-autres-video","status":"publish","type":"post","link":"https:\/\/linitiative.ca\/International\/fadhel-moussa-une-revolution-pas-comme-les-autres-video\/","title":{"rendered":"Fadhel Moussa : Une r\u00e9volution pas comme les autres (Vid\u00e9o)"},"content":{"rendered":"<p>Une r\u00e9volution permanente, continue et avec des actes successifs est la premi\u00e8re r\u00e9flexion qui vient \u00e0 l\u2019esprit de Fahdel Moussa, Maire de l\u2019Ariana et membre de l\u2019assembl\u00e9e Nationale Constituante en pensant \u00e0 ces dix derni\u00e8res ann\u00e9es.<br \/>Soulag\u00e9, Fadhel Moussa se dit rassur\u00e9 de voir que les tunisiens ont garder un grand respect de l\u2019ordre juridique. Certes il y\u2019a eu de grands changements mais ils restent fid\u00e8les a ce qui a \u00e9t\u00e9 \u00e9nonc\u00e9 dans la constitution. Optimiste quant \u00e0 l\u2019avenir du pays, il rappelle que les tunisiens ont r\u00e9ussi \u00e0 franchir un nombre important d\u2019obstacles et que la r\u00e9silience dont ils ont fait preuve ne peut que les aider \u00e0 atteindre leur objectif : sortir de la crise et faire avancer les choses.<\/p>\n<p class=\"c2\"><iframe loading=\"lazy\" src=\"https:\/\/www.youtube.com\/embed\/oHyc6SLNXbo\" allow=\"accelerometer; autoplay; clipboard-write; encrypted-media; gyroscope; picture-in-picture\" allowfullscreen=\"\" width=\"560\" height=\"315\" frameborder=\"0\">[embedded content]<\/iframe><\/p>\n<p><strong>Lire aussi<\/strong><\/p>\n<p><a href=\"https:\/\/www.leaders.com.tn\/article\/31244-fadhel-moussa-la-tunisie-en-quete-d-une-reconfiguration-et-d-une-gouvernementalite\" target=\"_blank\" rel=\"noopener\">Le texte int\u00e9gral ins\u00e9r\u00e9 dans le livre \u00ab\u00a0Tunisie, Dix ans et dans Dix ans\u00a0\u00bb<\/a><\/p>\n<p><a href=\"https:\/\/www.leaders.com.tn\/article\/31280-hedi-bouraoui-voila-ce-que-nous-avons-perdu\" target=\"_blank\" rel=\"noopener\">H\u00e9di Bouraoui &#8211; Tunisie: Voil\u00e0 ce que nous avons perdu !<\/a><\/p>\n<p><a href=\"https:\/\/www.leaders.com.tn\/article\/31276-ouided-bouchamaoui-trois-exigences-d-avenir\" target=\"_blank\" rel=\"noopener\">Ouided Bouchamaoui: Trois exigences d\u2019avenir<\/a><\/p>\n<p><a href=\"https:\/\/www.leaders.com.tn\/article\/31266-khadija-taoufik-moalla-accepter-de-perdre-des-batailles-jamais-la-guerre\" target=\"_blank\" rel=\"noopener\">Khadija Taoufik Moalla: Accepter de perdre des batailles\u2026jamais la guerre !<\/a><\/p>\n<p><a href=\"https:\/\/www.leaders.com.tn\/article\/31263-riadh-zghal-le-processus-democratique-est-il-irreversible\" target=\"_blank\" rel=\"noopener\">Riadh Zghal: Le processus d\u00e9mocratique est-il irr\u00e9versible ?<\/a><\/p>\n<p><a href=\"https:\/\/www.leaders.com.tn\/article\/31259-fadhel-abdelkefi-la-democratie-quand-meme\" target=\"_blank\" rel=\"noopener\">Fadhel Abdelk\u00e9fi: La d\u00e9mocratie quand m\u00eame !<\/a><\/p>\n<p><a href=\"https:\/\/www.leaders.com.tn\/article\/31256-sophie-bessis-aucun-veritable-consensus-n-a-ete-trouve-sur-des-questions-fondamentales\" target=\"_blank\" rel=\"noopener\">Sophie Bessis: Aucun v\u00e9ritable consensus n\u2019a \u00e9t\u00e9 trouv\u00e9 sur des questions fondamentales<\/a><\/p>\n<p><a href=\"https:\/\/www.leaders.com.tn\/article\/31258-khemaies-jhinaoui-la-tunisie-doit-montrer-au-monde-sa-capacite-de-se-developper-et-sa-volonte-de-cooperer-video\" target=\"_blank\" rel=\"noopener\">Khema\u00efes Jhinaoui : \u00ab La Tunisie doit montrer au monde sa capacit\u00e9 de se d\u00e9velopper et sa volont\u00e9 de coop\u00e9rer \u00bb (Vid\u00e9o)<\/a><\/p>\n<p><a href=\"https:\/\/www.leaders.com.tn\/article\/31247-hmayed-le-pecheur-surpris-par-la-revolution-nous-n-avons-pas-su-la-gerer-video\" target=\"_blank\" rel=\"noopener\">Hmayed, le p\u00eacheur : Surpris par la r\u00e9volution, nous n\u2019avons pas su la g\u00e9rer (Vid\u00e9o)<\/a><\/p>\n<p><a href=\"https:\/\/www.leaders.com.tn\/article\/31249-hichem-elloumi-sans-creation-d-emplois-de-croissance-et-de-richesses-la-democratie-risque-d-etre-menacee\" target=\"_blank\" rel=\"noopener\">Hichem Elloumi : \u00abSans cr\u00e9ation d\u2019emplois, de croissance et de richesses, la d\u00e9mocratie risque d\u2019\u00eatre menac\u00e9e\u00bb (Vid\u00e9o)<\/a><\/p>\n<p><a href=\"https:\/\/www.leaders.com.tn\/article\/31255-ahmed-ounaies-les-democrates-se-tiennent-en-alerte\" target=\"_blank\" rel=\"noopener\">Ahmed Ouna\u00efes: Les d\u00e9mocrates se tiennent en alerte<\/a><\/p>\n<p><a href=\"https:\/\/www.leaders.com.tn\/article\/31254-abdelaziz-kacem-un-printemps-qui-n-en-est-pas-un-video\" target=\"_blank\" rel=\"noopener\">Abdelaziz Kacem: Un printemps qui n\u2019en est pas un (Vid\u00e9o)<\/a><\/p>\n<p><a href=\"https:\/\/www.leaders.com.tn\/article\/31244-fadhel-moussa-la-tunisie-en-quete-d-une-reconfiguration-et-d-une-gouvernementalite\" target=\"_blank\" rel=\"noopener\">Fadhel Moussa: La Tunisie en qu\u00eate d\u2019une reconfiguration et d\u2019une gouvernementalit\u00e9<\/a><\/p>\n<p><a href=\"https:\/\/www.leaders.com.tn\/article\/31241-anis-marrakchi-sauvons-la-democratie-elle-a-des-vertus-que-l-autocratie-ne-peut-avoir\" target=\"_blank\" rel=\"noopener\">Anis Marrakchi: Sauvons la d\u00e9mocratie, elle a des vertus que l\u2019autocratie ne peut avoir<\/a><\/p>\n<p><a href=\"https:\/\/www.leaders.com.tn\/article\/31235-selma-mabrouk-la-revolution-et-apres-video\" target=\"_blank\" rel=\"noopener\">Selma Mabrouk: La r\u00e9volution et apr\u00e8s ? (Vid\u00e9o)<\/a><\/p>\n<p><a href=\"https:\/\/www.leaders.com.tn\/article\/31233-elyes-jouini-oeuvrer-au-retablissement-de-l-espoir\" target=\"_blank\" rel=\"noopener\">Ely\u00e8s Jouini: \u0152uvrer au r\u00e9tablissement de l\u2019espoir<\/a><\/p>\n<p><a href=\"https:\/\/www.leaders.com.tn\/article\/31226-ridha-ben-mosbah-sauver-la-transition-d-un-nouvel-echec-qui-serait-fatal\" target=\"_blank\" rel=\"noopener\">Ridha Ben Mosbah: Sauver la transition d\u2019un nouvel \u00e9chec qui serait fatal<\/a><\/p>\n<p><a href=\"https:\/\/www.leaders.com.tn\/article\/31218-mustapha-ben-jaafar-est-ce-l-heure-du-sursaut\" target=\"_blank\" rel=\"noopener\">Mustapha Ben Jaafar: Est-ce l\u2019heure du sursaut ?<\/a><\/p>\n<p><a href=\"https:\/\/www.leaders.com.tn\/article\/31221-yassine-brahim-plusieurs-batailles-sont-a-mener\" target=\"_blank\" rel=\"noopener\">Yassine Brahim: Plusieurs batailles sont \u00e0 mener&#8230; (Vid\u00e9o)<\/a><\/p>\n<p><a href=\"https:\/\/www.leaders.com.tn\/article\/31220-kamel-jendoubi-le-courage-d-un-peuple\" target=\"_blank\" rel=\"noopener\">Kamel Jendoubi: Le courage d\u2019un peuple<\/a><\/p>\n<p class=\"c3\"><a href=\"https:\/\/www.leaders.com.tn\/article\/31209-yadh-ben-achour-la-revolution-un-rappel-de-memoire\" target=\"_blank\" rel=\"noopener\">Yadh Ben Achour: La r\u00e9volution, un rappel de m\u00e9moire<\/a><\/p>\n<p class=\"c3\"><a href=\"https:\/\/www.leaders.com.tn\/article\/31191-mustapha-kamel-nabli-la-longue-marche-de-la-tunisie-de-l-espoir-fou-vers-le-grand-desespoir\" target=\"_blank\" rel=\"noopener\">Mustapha Kamel Nabli: La longue marche de la Tunisie de l\u2019\u00abespoir fou\u00bb vers le \u00abgrand d\u00e9sespoir\u00bb (Vid\u00e9o)<\/a><\/p>\n<p class=\"c3\"><a href=\"https:\/\/www.leaders.com.tn\/article\/31195-hakim-el-karoui-en-preface-du-livre-tunisie-dix-ans-et-dans-dix-ans-une-tunisie-democratique-libre-et-toujours-debout\" target=\"_blank\" rel=\"noopener\">Hakim El Karoui, en pr\u00e9face du livre Tunisie, Dix ans et dans Dix ans : Une Tunisie d\u00e9mocratique, libre et toujours debout<\/a><\/p>\n<p class=\"c3\"><a href=\"https:\/\/www.leaders.com.tn\/article\/31190-tunisie-2011-2021-ce-qu-il-faut-retenir-et-ce-qu-il-faut-batir-une-serie-d-interviews-video-et-un-ouvrage-collectif\" target=\"_blank\" rel=\"noopener\">Tunisie 2011 \u2013 2021 : Ce qu\u2019il faut retenir et ce qu\u2019il faut b\u00e2tir : une s\u00e9rie d\u2019interviews vid\u00e9o et un ouvrage collectif<\/a><\/p>\n<p class=\"c3\"><a href=\"https:\/\/www.leaders.com.tn\/article\/31189-mustapha-kamel-nabli-une-etroite-voie-de-sortie-existe-a-condition-video\" target=\"_blank\" rel=\"noopener\">Mustapha Kamel Nabli : Une \u00e9troite voie de sortie existe, \u00e0 condition &#8230; (Vid\u00e9o)<\/a><\/p>\n<p>Auteur:<br \/>\n<a href=\"https:\/\/www.leaders.com.tn\/article\/31281-fadhel-moussa-une-revolution-pas-comme-les-autres-video\">Cliquez ici pour lire l&rsquo;article depuis sa source.<\/a><\/p>\n","protected":false},"excerpt":{"rendered":"<p>Une r\u00e9volution permanente, continue et avec des actes successifs est la premi\u00e8re r\u00e9flexion qui vient \u00e0 l\u2019esprit de Fahdel Moussa, Maire de l\u2019Ariana et membre de l\u2019assembl\u00e9e Nationale Constituante en pensant \u00e0 ces dix derni\u00e8res ann\u00e9es.Soulag\u00e9, Fadhel Moussa se dit rassur\u00e9 de voir que les tunisiens ont garder un grand respect de l\u2019ordre juridique. Certes [&hellip;]<\/p>\n","protected":false},"author":1772,"featured_media":0,"comment_status":"closed","ping_status":"closed","sticky":false,"template":"","format":"standard","meta":{"fifu_image_url":"","fifu_image_alt":"","footnotes":""},"categories":[73,55],"tags":[],"class_list":["post-109528","post","type-post","status-publish","format-standard","hentry","category-actualite","category-tunisie"],"_links":{"self":[{"href":"https:\/\/linitiative.ca\/International\/wp-json\/wp\/v2\/posts\/109528","targetHints":{"allow":["GET"]}}],"collection":[{"href":"https:\/\/linitiative.ca\/International\/wp-json\/wp\/v2\/posts"}],"about":[{"href":"https:\/\/linitiative.ca\/International\/wp-json\/wp\/v2\/types\/post"}],"author":[{"embeddable":true,"href":"https:\/\/linitiative.ca\/International\/wp-json\/wp\/v2\/users\/1772"}],"replies":[{"embeddable":true,"href":"https:\/\/linitiative.ca\/International\/wp-json\/wp\/v2\/comments?post=109528"}],"version-history":[{"count":0,"href":"https:\/\/linitiative.ca\/International\/wp-json\/wp\/v2\/posts\/109528\/revisions"}],"wp:attachment":[{"href":"https:\/\/linitiative.ca\/International\/wp-json\/wp\/v2\/media?parent=109528"}],"wp:term":[{"taxonomy":"category","embeddable":true,"href":"https:\/\/linitiative.ca\/International\/wp-json\/wp\/v2\/categories?post=109528"},{"taxonomy":"post_tag","embeddable":true,"href":"https:\/\/linitiative.ca\/International\/wp-json\/wp\/v2\/tags?post=109528"}],"curies":[{"name":"wp","href":"https:\/\/api.w.org\/{rel}","templated":true}]}}