{"id":109530,"date":"2021-01-18T10:46:00","date_gmt":"2021-01-18T15:46:00","guid":{"rendered":"https:\/\/linitiative.ca\/International\/laroussi-amri-arabite-berberite-et-discours-ideologiques-sur-lidentite\/"},"modified":"2021-01-18T10:46:00","modified_gmt":"2021-01-18T15:46:00","slug":"laroussi-amri-arabite-berberite-et-discours-ideologiques-sur-lidentite","status":"publish","type":"post","link":"https:\/\/linitiative.ca\/International\/laroussi-amri-arabite-berberite-et-discours-ideologiques-sur-lidentite\/","title":{"rendered":"Laroussi Amri: Arabit\u00e9, berb\u00e9rit\u00e9, &#8230;et discours id\u00e9ologiques sur \u00ab\u00a0l&rsquo;identit\u00e9\u00a0\u00bb"},"content":{"rendered":"<p class=\"c3\"><span class=\"c2\"><em><strong><img decoding=\"async\" src=\"\/uploads\/FCK_files\/Laaroussi-Amri.jpg\" width=\"20%\" vspace=\"5\" hspace=\"5\" align=\"right\" alt=\"\"\/>Par Laroussi Amri &#8211;<\/strong><\/em><\/span> Une publication sur Facebook m\u2019a interpell\u00e9. Elle r\u00e9sume les plats tunisiens et les ventile selon leurs origines qui sont d\u2019apr\u00e8s cette publication diverses : turques, juives, romaines, berb\u00e8res, andalouses. Nous savons tous que les traditions culinaires font partie des discours identitaires du moment que l\u2019on veut montrer nos appartenances diverses selon une approche du gout, des plats, etc. La saveur, en tant que composant important dans toute civilisation, a elle aussi un fonds identitaire. Ce qui a attir\u00e9 mon attention, c\u2019est l\u2019absence de plats d\u2019origine arabe, maltaise, islamique, etc.<\/p>\n<p class=\"c3\">Je ne peux m\u2019emp\u00eacher de porter le d\u00e9bat \u00e0 son niveau de f\u00e9condit\u00e9 et d\u00e9passer le niveau lambda. Je voudrais pointer ici les fr\u00e9quentes publications dans les r\u00e9seaux sociaux (Facebook, Twitter, etc.) qui pr\u00e9tendent pr\u00e9senter les produits de civilisation qui ont eu cours en Tunisie \u00e0 travers son histoire et font l&rsquo;impasse de ce qui est arabe et mettent en relief ce qui est pr\u00e9tendument berb\u00e8re. Je commence par dire que je n&rsquo;ai aucun probl\u00e8me avec les composantes de ma personnalit\u00e9 et je les revendique toutes, africanit\u00e9, arabit\u00e9, islamit\u00e9, juda\u00eft\u00e9, berb\u00e9rit\u00e9, (et quelque part europ\u00e9anit\u00e9 m\u00e9diterran\u00e9enne) et m\u00eame davantage.<\/p>\n<p class=\"c3\">Ces publications expos\u00e9es sur les murs de Facebook s&rsquo;inscrivent dans la nouvelle\/ancienne \u00ab\u00a0culture\u00a0\u00bb de d\u00e9ni de toute arabit\u00e9 et de valorisation d&rsquo;une berb\u00e9rit\u00e9 mise au service de projets identitaires en formation, mais douteux. Personnellement je ne trouve pas sain de pousser toute une \u00ab\u00a0classe \u00a0\u00bb d&rsquo;intellectuels\u00a0\u00bb tunisiens devenus, au fil des \u00e9v\u00e9nements et des d\u00e9b\u00e2cles arabes, mont\u00e9s contre tout ce qui est arabe (m\u00eame si les donn\u00e9es sociologiques et historiques confortent les esprits simples dans ce sens), \u00e0 s&rsquo;engager t\u00eate en avant, griffes dehors, dans des projets identitaires construits id\u00e9ologiquement donc fallacieux. Facebook est un des lieux de joute les plus pris\u00e9s pour ce genre de propagande que des cyber-activistes exag\u00e9r\u00e9ment francophiles (peut \u00eatre bien appartenant \u00e0 des r\u00e9seaux de pi\u00e9geage culturel et m\u00e9diatique) utilisent pour pi\u00e9ger des \u00e9lites et des intellectuels peu form\u00e9s \u00e0 l&rsquo;esprit critique et \u00e0 la lecture \u00e0 travers les mots, sous les mots, au- dessus des mots et en filigrane. C&rsquo;est malheureux de constater qu&rsquo;une grande partie de l&rsquo;\u00e9lite tunisienne tombe dans ce panneau pieds joints et mains li\u00e9es. Regardez bien, il y a une dualit\u00e9 qui \u00e9merge: tout ce qui est arabe est mauvais, ce qu&rsquo;il faut promouvoir c&rsquo;est la berb\u00e9rit\u00e9. Entre les deux: un monstre surgit habill\u00e9 en costard-cravate, bon chic bon genre.<\/p>\n<p class=\"c3\">Il prend l&rsquo;allure d\u00a0\u00bbun Albert Camus humaniste, d&rsquo;un Victor Hugo fustigeant un parlement d\u00e9viant, ou bien un Marat sinon un Robespierre haranguant les foules de la R\u00e9volution fran\u00e7aise, avec en surimpression, la libert\u00e9 portant le drapeau fran\u00e7ais. Bref tout un discours qui cible le profil d\u2019intellectuel tunisien (progressiste, \u00ab\u00a0moderniste\u00a0\u00bb ou de gauche&#8230;); de sorte que la solution \u00e0 trouver, l&rsquo;alternative, pour tout probl\u00e8me identitaire est l\u00e0: sous la forme de proposition de dessous de table. Le \u00ab\u00a0g\u00e9nie\u00a0\u00bb colonial fran\u00e7ais est encore l\u00e0. L&rsquo;interd\u00e9pendance, la M\u00e9tropole ne l&rsquo;imagine pas seulement dans le transfert in\u00e9galitaire des marchandises (export\/Import, avec une balance commerciale d\u00e9ficitaire au profit de la France depuis 1956 \u00e0 2021), elle la programme aussi pour dompter les \u00e2mes, hypnotiser les esprits et les faire aimer et pour certains esprits totalement perdus, adorer le monstre.<\/p>\n<p class=\"c3\">Le nombre des royalistes plus que le roi fait l\u00e9gion parmi les intellectuels tunisiens. Ils sont \u00e0 tous les niveaux \u00e0 d\u00e9fendre la France (sans distinguer celle des progr\u00e8s et des lumi\u00e8res de celle de la domination et du jacobinisme) toutes griffes dehors, les yeux exorbit\u00e9s pr\u00eats \u00e0 l&rsquo;insulte et \u00e0 en venir aux mains d\u00e8s que tu parles des tes anc\u00eatres, de ta sp\u00e9cificit\u00e9, de ta langue ou de tes habitudes. Leurs arguments jouent sur des variations et des r\u00e9f\u00e9rences: ceci est andalous, ceci est juif, ceci est romain, ceci est berb\u00e8re, ceci est turc&#8230; Et l\u00a0\u00bbimpasse est faite, sans broncher ni coup f\u00e9rir sur tout ce qui est islamique et tout ce qui est arabe. L\u00e0 on nous pr\u00e9pare \u00e0 une guerre civile pluris\u00e9culaire entre appartenances diverses alors que la solution, est simple, on est ouvert \u00e0 toute civilisation sans esprit de clocher ni dogmatisme. Le fin mot, le mot de la fin : on a int\u00e9r\u00eat \u00e0 sortir de ces discours sur l&rsquo;appartenance et l\u2019identit\u00e9. On est fils du si\u00e8cle, fils de l&rsquo;\u00e9poque fils des apports scientifiques et techniques, fils des r\u00e9formes et des r\u00e9volutions, et nous y \u0153uvrons, qui am\u00e9liorent les conditions de vie des hommes et des femmes pour un bonheur toujours renouvel\u00e9.<\/p>\n<p class=\"c4\"><strong>Laroussi Amri<\/strong><\/p>\n<p>Auteur:<br \/>\n<a href=\"https:\/\/www.leaders.com.tn\/article\/31283-laroussi-amri-arabite-berberite-et-discours-ideologiques-sur-l-identite\">Cliquez ici pour lire l&rsquo;article depuis sa source.<\/a><\/p>\n","protected":false},"excerpt":{"rendered":"<p>Par Laroussi Amri &#8211; Une publication sur Facebook m\u2019a interpell\u00e9. Elle r\u00e9sume les plats tunisiens et les ventile selon leurs origines qui sont d\u2019apr\u00e8s cette publication diverses : turques, juives, romaines, berb\u00e8res, andalouses. Nous savons tous que les traditions culinaires font partie des discours identitaires du moment que l\u2019on veut montrer nos appartenances diverses selon [&hellip;]<\/p>\n","protected":false},"author":1772,"featured_media":0,"comment_status":"closed","ping_status":"closed","sticky":false,"template":"","format":"standard","meta":{"fifu_image_url":"\/uploads\/FCK_files\/Laaroussi-Amri.jpg","fifu_image_alt":"<div>Laroussi Amri: Arabit\u00e9, berb\u00e9rit\u00e9, ...et discours id\u00e9ologiques sur \"l'identit\u00e9\"<\/div>","footnotes":""},"categories":[73,55],"tags":[],"class_list":["post-109530","post","type-post","status-publish","format-standard","hentry","category-actualite","category-tunisie"],"_links":{"self":[{"href":"https:\/\/linitiative.ca\/International\/wp-json\/wp\/v2\/posts\/109530","targetHints":{"allow":["GET"]}}],"collection":[{"href":"https:\/\/linitiative.ca\/International\/wp-json\/wp\/v2\/posts"}],"about":[{"href":"https:\/\/linitiative.ca\/International\/wp-json\/wp\/v2\/types\/post"}],"author":[{"embeddable":true,"href":"https:\/\/linitiative.ca\/International\/wp-json\/wp\/v2\/users\/1772"}],"replies":[{"embeddable":true,"href":"https:\/\/linitiative.ca\/International\/wp-json\/wp\/v2\/comments?post=109530"}],"version-history":[{"count":0,"href":"https:\/\/linitiative.ca\/International\/wp-json\/wp\/v2\/posts\/109530\/revisions"}],"wp:attachment":[{"href":"https:\/\/linitiative.ca\/International\/wp-json\/wp\/v2\/media?parent=109530"}],"wp:term":[{"taxonomy":"category","embeddable":true,"href":"https:\/\/linitiative.ca\/International\/wp-json\/wp\/v2\/categories?post=109530"},{"taxonomy":"post_tag","embeddable":true,"href":"https:\/\/linitiative.ca\/International\/wp-json\/wp\/v2\/tags?post=109530"}],"curies":[{"name":"wp","href":"https:\/\/api.w.org\/{rel}","templated":true}]}}