{"id":109531,"date":"2021-01-18T11:38:00","date_gmt":"2021-01-18T16:38:00","guid":{"rendered":"https:\/\/linitiative.ca\/International\/commemorer-le18-janvier-1952-cest-sacquitter-du-devoir-de-memoire\/"},"modified":"2021-01-18T11:38:00","modified_gmt":"2021-01-18T16:38:00","slug":"commemorer-le18-janvier-1952-cest-sacquitter-du-devoir-de-memoire","status":"publish","type":"post","link":"https:\/\/linitiative.ca\/International\/commemorer-le18-janvier-1952-cest-sacquitter-du-devoir-de-memoire\/","title":{"rendered":"Comm\u00e9morer le18 janvier 1952, c&rsquo;est s&rsquo;acquitter  du devoir de m\u00e9moire"},"content":{"rendered":"<p>I<span class=\"c3\"><span class=\"c2\">ls n\u2019ont eu de cesse depuis 10 ans \u00a0de nous r\u00e9p\u00e9ter que l\u2019histoire\u00a0 de la Tunisie commen\u00e7ait le 14 janvier 2011 dans l\u2019espoir de nous faire oublier le 18 janvier 1952 et de nous faire accroire qu&rsquo;ils \u00e9taient les sauveurs de la Tunisie. Peine perdue. Les Tunisiens n\u2019ont pas la m\u00e9moire courte. Cette date, tout comme le 20 mars 1956 ou le 9 avril 1938 a marqu\u00e9 d&rsquo;une trace ind\u00e9l\u00e9bile notre longue histoire.<br \/><\/span><\/span><\/p>\n<p><span class=\"c3\"><span class=\"c2\">Pour ceux qui n&rsquo;\u00e9taient pas n\u00e9s encore ce jour-l\u00e0 ou ceux pour qui cette date \u00e9voque simplement une rue, l<\/span><\/span>e 18 janvier 1952, c&rsquo;est la date de l\u2019arrestation des dirigeants destouriens et en premier lieu Bourguiba et le d\u00e9clenchement de la lutte arm\u00e9e contre qui durera pr\u00e8s de 3 ans pour finalement aboutir \u00e0 l&rsquo;ind\u00e9pendance.<\/p>\n<p>Comm\u00e9morer le 18 janvier, c&rsquo;est raviver le sentiment national, c&rsquo;est renforcer notre sentiment d\u2019appartenance \u00e0 ce pays.<\/p>\n<p>Auteur:<br \/>\n<a href=\"https:\/\/www.leaders.com.tn\/article\/31284-18-janvier-1952-une-revolution-peut-en-cacher-une-autre\">Cliquez ici pour lire l&rsquo;article depuis sa source.<\/a><\/p>\n","protected":false},"excerpt":{"rendered":"<p>Ils n\u2019ont eu de cesse depuis 10 ans \u00a0de nous r\u00e9p\u00e9ter que l\u2019histoire\u00a0 de la Tunisie commen\u00e7ait le 14 janvier 2011 dans l\u2019espoir de nous faire oublier le 18 janvier 1952 et de nous faire accroire qu&rsquo;ils \u00e9taient les sauveurs de la Tunisie. Peine perdue. Les Tunisiens n\u2019ont pas la m\u00e9moire courte. Cette date, tout [&hellip;]<\/p>\n","protected":false},"author":1772,"featured_media":0,"comment_status":"closed","ping_status":"closed","sticky":false,"template":"","format":"standard","meta":{"fifu_image_url":"","fifu_image_alt":"","footnotes":""},"categories":[73,55],"tags":[],"class_list":["post-109531","post","type-post","status-publish","format-standard","hentry","category-actualite","category-tunisie"],"_links":{"self":[{"href":"https:\/\/linitiative.ca\/International\/wp-json\/wp\/v2\/posts\/109531","targetHints":{"allow":["GET"]}}],"collection":[{"href":"https:\/\/linitiative.ca\/International\/wp-json\/wp\/v2\/posts"}],"about":[{"href":"https:\/\/linitiative.ca\/International\/wp-json\/wp\/v2\/types\/post"}],"author":[{"embeddable":true,"href":"https:\/\/linitiative.ca\/International\/wp-json\/wp\/v2\/users\/1772"}],"replies":[{"embeddable":true,"href":"https:\/\/linitiative.ca\/International\/wp-json\/wp\/v2\/comments?post=109531"}],"version-history":[{"count":0,"href":"https:\/\/linitiative.ca\/International\/wp-json\/wp\/v2\/posts\/109531\/revisions"}],"wp:attachment":[{"href":"https:\/\/linitiative.ca\/International\/wp-json\/wp\/v2\/media?parent=109531"}],"wp:term":[{"taxonomy":"category","embeddable":true,"href":"https:\/\/linitiative.ca\/International\/wp-json\/wp\/v2\/categories?post=109531"},{"taxonomy":"post_tag","embeddable":true,"href":"https:\/\/linitiative.ca\/International\/wp-json\/wp\/v2\/tags?post=109531"}],"curies":[{"name":"wp","href":"https:\/\/api.w.org\/{rel}","templated":true}]}}