{"id":109535,"date":"2021-01-18T10:38:27","date_gmt":"2021-01-18T15:38:27","guid":{"rendered":"https:\/\/linitiative.ca\/International\/vrai-ou-fake-sur-la-covid-19-au-maroc-lundi-18-janvier\/"},"modified":"2021-01-18T10:38:27","modified_gmt":"2021-01-18T15:38:27","slug":"vrai-ou-fake-sur-la-covid-19-au-maroc-lundi-18-janvier","status":"publish","type":"post","link":"https:\/\/linitiative.ca\/International\/vrai-ou-fake-sur-la-covid-19-au-maroc-lundi-18-janvier\/","title":{"rendered":"Vrai ou Fake sur la Covid-19 au Maroc, lundi 18 janvier"},"content":{"rendered":"<p><strong>En plus de l\u2019\u00e9pid\u00e9mie du coronavirus, nous devons faire face \u00e0 une autre \u00e9pid\u00e9mie, celle des fake news relay\u00e9es sur les r\u00e9seaux sociaux.<\/strong><\/p>\n<div class=\"c10\"\/>\n<p>\u2013 Le coronavirus deviendra une maladie aussi b\u00e9nigne qu\u2019un simple rhume qui circulera \u00e0 des niveaux relativement bas. <strong>VRAI<\/strong> \u00ab Le temps qu\u2019il faudra pour atteindre ce stade d\u00e9pend de la vitesse \u00e0 laquelle on aura atteint cette immunit\u00e9 de groupe. Plus vite une majorit\u00e9 de gens aura \u00e9t\u00e9 infect\u00e9e ou vaccin\u00e9e, plus vite nous atteindrons ce stade end\u00e9mique \u00bb, explique Jennie Lavine, post-doctorante \u00e0 l\u2019universit\u00e9 d\u2019Emory \u00e0 Atlanta et principale auteure de l\u2019\u00e9tude.<\/p>\n<p>\u2013 Les salles de f\u00eate vont rouvrir au Maroc suite \u00e0 la stabilisation de la situation \u00e9pid\u00e9miologique dans plusieurs villes. <strong>FAKE<\/strong><\/p>\n<p>\u2013 Les franges de citoyens ayant plus de 18 ans sont les plus concern\u00e9es par le vaccin anti-coronavirus au Maroc. <strong>VRAI<\/strong><\/p>\n<p><strong>Lire aussi |\u00a0<a rel=\"noreferrer noopener\" href=\"https:\/\/www.challenge.ma\/le-coronavirus-pourrait-devenir-benin-172309\/\" target=\"_blank\">Le coronavirus pourrait devenir b\u00e9nin<\/a><\/strong><\/p>\n<p>\u2013 Le Maroc a re\u00e7u une premi\u00e8re dose du vaccin d\u2019AstraZeneca. <strong>FAKE<\/strong><\/p>\n<p>\u2013 La pand\u00e9mie du coronavirus a fait 2.032.636 morts dans le monde depuis son apparition. <strong>VRAI<\/strong><\/p>\n<p>\u2013 Une dizaine de salari\u00e9s d\u2019un supermarch\u00e9 d\u2019Anfa \u00e0 Casablanca ont \u00e9t\u00e9 d\u00e9clar\u00e9s positifs au coronavirus. <strong>FAKE<\/strong><\/p>\n<p><strong>Lire aussi |\u00a0<a rel=\"noreferrer noopener\" href=\"https:\/\/www.challenge.ma\/bank-of-africa-lance-sa-nouvelle-plateforme-creditdaba-ma-172290\/\" target=\"_blank\">Bank Of Africa lance sa nouvelle plateforme \u00ab\u00a0creditdaba.ma\u00a0\u00bb<\/a><\/strong><\/p>\n<p>Auteur: Hajar DARI<br \/>\n<a href=\"https:\/\/www.challenge.ma\/vrai-ou-fake-sur-la-covid-19-au-maroc-lundi-18-janvier-172321\/\">Cliquez ici pour lire l&rsquo;article depuis sa source.<\/a><\/p>\n","protected":false},"excerpt":{"rendered":"<p>En plus de l\u2019\u00e9pid\u00e9mie du coronavirus, nous devons faire face \u00e0 une autre \u00e9pid\u00e9mie, celle des fake news relay\u00e9es sur les r\u00e9seaux sociaux. \u2013 Le coronavirus deviendra une maladie aussi b\u00e9nigne qu\u2019un simple rhume qui circulera \u00e0 des niveaux relativement bas. VRAI \u00ab Le temps qu\u2019il faudra pour atteindre ce stade d\u00e9pend de la vitesse [&hellip;]<\/p>\n","protected":false},"author":1787,"featured_media":0,"comment_status":"closed","ping_status":"closed","sticky":false,"template":"","format":"standard","meta":{"fifu_image_url":"","fifu_image_alt":"","footnotes":""},"categories":[78,54],"tags":[],"class_list":["post-109535","post","type-post","status-publish","format-standard","hentry","category-economie","category-maroc"],"_links":{"self":[{"href":"https:\/\/linitiative.ca\/International\/wp-json\/wp\/v2\/posts\/109535","targetHints":{"allow":["GET"]}}],"collection":[{"href":"https:\/\/linitiative.ca\/International\/wp-json\/wp\/v2\/posts"}],"about":[{"href":"https:\/\/linitiative.ca\/International\/wp-json\/wp\/v2\/types\/post"}],"author":[{"embeddable":true,"href":"https:\/\/linitiative.ca\/International\/wp-json\/wp\/v2\/users\/1787"}],"replies":[{"embeddable":true,"href":"https:\/\/linitiative.ca\/International\/wp-json\/wp\/v2\/comments?post=109535"}],"version-history":[{"count":0,"href":"https:\/\/linitiative.ca\/International\/wp-json\/wp\/v2\/posts\/109535\/revisions"}],"wp:attachment":[{"href":"https:\/\/linitiative.ca\/International\/wp-json\/wp\/v2\/media?parent=109535"}],"wp:term":[{"taxonomy":"category","embeddable":true,"href":"https:\/\/linitiative.ca\/International\/wp-json\/wp\/v2\/categories?post=109535"},{"taxonomy":"post_tag","embeddable":true,"href":"https:\/\/linitiative.ca\/International\/wp-json\/wp\/v2\/tags?post=109535"}],"curies":[{"name":"wp","href":"https:\/\/api.w.org\/{rel}","templated":true}]}}