{"id":109536,"date":"2021-01-18T11:28:26","date_gmt":"2021-01-18T16:28:26","guid":{"rendered":"https:\/\/linitiative.ca\/International\/communication-rapprochement-strategique-entre-le-marocain-brand-image-et-lisraelien-kam-global-strategies\/"},"modified":"2021-01-18T11:28:26","modified_gmt":"2021-01-18T16:28:26","slug":"communication-rapprochement-strategique-entre-le-marocain-brand-image-et-lisraelien-kam-global-strategies","status":"publish","type":"post","link":"https:\/\/linitiative.ca\/International\/communication-rapprochement-strategique-entre-le-marocain-brand-image-et-lisraelien-kam-global-strategies\/","title":{"rendered":"Communication: rapprochement strat\u00e9gique entre le marocain Brand &amp; Image et l\u2019isra\u00e9lien Kam Global Strategies"},"content":{"rendered":"<p><strong>Le marocain Brand &amp; Image et l\u2019isra\u00e9lien Kam Global Strategies annoncent la signature d\u2019un partenariat strat\u00e9gique dans le domaine des Relations Presses et Publiques. Cet accord illustre ainsi la volont\u00e9 du secteur priv\u00e9 des deux pays \u00e0 travailler ensemble, apr\u00e8s la normalisation des relations bilat\u00e9rales entre le Maroc et Isra\u00ebl.<\/strong><\/p>\n<div class=\"c10\"\/>\n<p>Les choses s\u2019acc\u00e9l\u00e8rent apr\u00e8s la normalisation des relations bilat\u00e9rales entre le Maroc et Isra\u00ebl. Ces derni\u00e8res semaines, les rencontres de haut niveau entre les officiels des deux Etats ont eu lieu pour finaliser des accords strat\u00e9giques. Et, la r\u00e9cente r\u00e9union strat\u00e9gique entre le patronat marocain et son homologue isra\u00e9lien a pav\u00e9 la voie aux op\u00e9rateurs priv\u00e9s des deux c\u00f4t\u00e9s. En t\u00e9moigne le partenariat strat\u00e9gique dans le domaine des relations presse et publiques (RP) que viennent de signer l\u2019agence Brand &amp; Image et l\u2019entreprise isra\u00e9lienne Kam Global Strategies. Il s\u2019agit d\u2019un accord qui va renforcer les opportunit\u00e9s offertes par la normalisation des relations diplomatiques et \u00e9conomiques entre les deux pays, font savoir les deux partenaires. \u00ab Nous sommes extr\u00eamement fiers d\u2019annoncer notre collaboration avec Kam Global Strategies, un partenaire de taille. Nos expertises et exp\u00e9riences de longue date \u00e0 travers des services sur-mesure et nos positionnements dans nos march\u00e9s respectifs vont cr\u00e9er une r\u00e9elle valeur ajout\u00e9e pour nos agences et profiteront grandement \u00e0 toutes les entit\u00e9s voulant faire d\u00e9velopper leurs activit\u00e9s et marques et promouvoir leurs images dans les deux pays et m\u00eame en Afrique \u00bb, assure Raja\u00e2 Charifi, fondatrice et directrice g\u00e9n\u00e9rale de Brand &amp; Image.<\/p>\n<p><strong>Lire aussi| <a href=\"https:\/\/www.challenge.ma\/maroc-lukraine-pourrait-detroner-la-france-comme-premier-fournisseur-de-ble-172237\/\">Maroc : l\u2019Ukraine pourrait d\u00e9tr\u00f4ner la France comme premier fournisseur de bl\u00e9<\/a><\/strong><\/p>\n<p>\u00ab\u00a0Aujourd\u2019hui plus que jamais, les Isra\u00e9liens et Marocains auront tendance \u00e0 beaucoup communiquer vu que les relations entre nos deux pays ont \u00e9t\u00e9 hiss\u00e9es \u00e0 un niveau \u00e9lev\u00e9. Nous sommes impatients de mieux faire conna\u00eetre les potentialit\u00e9s de nos pays dans divers domaines tels que l\u2019agro-technologie, la cybers\u00e9curit\u00e9 et le tourisme \u00bb, souligne, pour sa part, Laura Kam, fondatrice et pr\u00e9sidente de Kam Global Strategies. Dans le d\u00e9tail, on apprend que les deux partenaires mettront, ensemble, \u00e0 profit leur expertise en faveur des hommes d\u2019affaires et institutions publiques et priv\u00e9es des deux pays, et ce, dans l\u2019objectif de construire leurs images \u00e0 travers divers canaux, notamment les m\u00e9dias, les r\u00e9seaux sociaux, les influenceurs, les meetings ainsi que les visites de travail (BtoB) dans les pays respectifs.<\/p>\n<p><strong>Lire aussi| <a href=\"https:\/\/www.challenge.ma\/bank-of-africa-lance-sa-nouvelle-plateforme-creditdaba-ma-172290\/\">Bank Of Africa lance sa nouvelle plateforme \u00ab\u00a0creditdaba.ma\u00a0\u00bb<\/a><\/strong><\/p>\n<p>\u00ab\u00a0La ma\u00eetrise des langues, en l\u2019occurrence l\u2019h\u00e9breu, l\u2019anglais, le fran\u00e7ais et l\u2019arabe serait un grand atout pour booster rapidement et efficacement la communication entre les deux rives. Il y va sans dire que ce partenariat strat\u00e9gique est le fruit d\u2019une rencontre entre deux femmes, ferventes et fortement engag\u00e9es voulant donner un coup d\u2019acc\u00e9l\u00e9ration \u00e0 leur collaboration pour marquer cette phase historique\u00a0\u00bb, concluent les deux partenaires.<\/p>\n<p>Auteur: challenge<br \/>\n<a href=\"https:\/\/www.challenge.ma\/communication-rapprochement-strategique-entre-le-marocain-brand-image-et-lisraelien-kam-global-strategies-172343\/\">Cliquez ici pour lire l&rsquo;article depuis sa source.<\/a><\/p>\n","protected":false},"excerpt":{"rendered":"<p>Le marocain Brand &amp; Image et l\u2019isra\u00e9lien Kam Global Strategies annoncent la signature d\u2019un partenariat strat\u00e9gique dans le domaine des Relations Presses et Publiques. Cet accord illustre ainsi la volont\u00e9 du secteur priv\u00e9 des deux pays \u00e0 travailler ensemble, apr\u00e8s la normalisation des relations bilat\u00e9rales entre le Maroc et Isra\u00ebl. Les choses s\u2019acc\u00e9l\u00e8rent apr\u00e8s la [&hellip;]<\/p>\n","protected":false},"author":1787,"featured_media":0,"comment_status":"closed","ping_status":"closed","sticky":false,"template":"","format":"standard","meta":{"fifu_image_url":"","fifu_image_alt":"","footnotes":""},"categories":[78,54],"tags":[],"class_list":["post-109536","post","type-post","status-publish","format-standard","hentry","category-economie","category-maroc"],"_links":{"self":[{"href":"https:\/\/linitiative.ca\/International\/wp-json\/wp\/v2\/posts\/109536","targetHints":{"allow":["GET"]}}],"collection":[{"href":"https:\/\/linitiative.ca\/International\/wp-json\/wp\/v2\/posts"}],"about":[{"href":"https:\/\/linitiative.ca\/International\/wp-json\/wp\/v2\/types\/post"}],"author":[{"embeddable":true,"href":"https:\/\/linitiative.ca\/International\/wp-json\/wp\/v2\/users\/1787"}],"replies":[{"embeddable":true,"href":"https:\/\/linitiative.ca\/International\/wp-json\/wp\/v2\/comments?post=109536"}],"version-history":[{"count":0,"href":"https:\/\/linitiative.ca\/International\/wp-json\/wp\/v2\/posts\/109536\/revisions"}],"wp:attachment":[{"href":"https:\/\/linitiative.ca\/International\/wp-json\/wp\/v2\/media?parent=109536"}],"wp:term":[{"taxonomy":"category","embeddable":true,"href":"https:\/\/linitiative.ca\/International\/wp-json\/wp\/v2\/categories?post=109536"},{"taxonomy":"post_tag","embeddable":true,"href":"https:\/\/linitiative.ca\/International\/wp-json\/wp\/v2\/tags?post=109536"}],"curies":[{"name":"wp","href":"https:\/\/api.w.org\/{rel}","templated":true}]}}