{"id":109544,"date":"2021-01-18T15:05:31","date_gmt":"2021-01-18T20:05:31","guid":{"rendered":"https:\/\/linitiative.ca\/International\/massacres-intercommunautairs-au-darfour-il-faut-sattaquer-a-la-racine-du-mal\/"},"modified":"2021-01-18T15:05:31","modified_gmt":"2021-01-18T20:05:31","slug":"massacres-intercommunautairs-au-darfour-il-faut-sattaquer-a-la-racine-du-mal","status":"publish","type":"post","link":"https:\/\/linitiative.ca\/International\/massacres-intercommunautairs-au-darfour-il-faut-sattaquer-a-la-racine-du-mal\/","title":{"rendered":"MASSACRES INTERCOMMUNAUTAIRS AU DARFOUR: Il faut s\u2019attaquer \u00e0 la racine du mal"},"content":{"rendered":"<p class=\"c4\">C\u2019est avec grand \u00e9tonnement que l\u2019on vient d\u2019assister aux affrontements intercommunautaires qui auront co\u00fbt\u00e9 la vie \u00e0 plus de 80 personnes et fait plus de 160 bless\u00e9s avec \u00e0 la cl\u00e9, des dizaines de maisons incendi\u00e9es. Tout serait parti du meurtre d\u2019un homme de la tribu arabe Rizeigat, poignard\u00e9 \u00e0 mort dans un march\u00e9 du camp de d\u00e9plac\u00e9s de Krinding, qui a mis le feu aux poudres. Car, en repr\u00e9sailles, sa communaut\u00e9 a\u00a0 d\u00e9cid\u00e9 de s\u2019attaquer au camp, d\u00e9clenchant ainsi des affrontements meurtriers entre les milices de tribus arabes et non arabes. Le moins que l\u2019on puisse dire, c\u2019est que cette h\u00e9catombe constitue un coup dur pour le Soudan puisqu\u2019elle intervient au moment o\u00f9 le pays est \u00e0 recherche de ses marques. Ce pogrom est la preuve, s\u2019il en est, que les c\u0153urs sont loin d\u2019\u00eatre d\u00e9sarm\u00e9s.\u00a0 Ce drame, et c\u2019est peu de le dire, vient rappeler que la paix au Soudan, reste encore tr\u00e8s pr\u00e9caire. Il est vrai qu\u2019Omar el B\u00e9chir qui a longtemps instrumentalis\u00e9 les communaut\u00e9s, n\u2019est plus aux affaires mais tout laisse croire que la haine qu\u2019il a cultiv\u00e9e durant des d\u00e9cennies entre les communaut\u00e9s, reste encore tenace. C\u2019est, du moins, ce qu\u2019on est tent\u00e9 de dire au regard de l\u2019ampleur des massacres. En tout cas, tout porte \u00e0 croire que la confiance ne s\u2019est pas encore install\u00e9e entre les communaut\u00e9s. Et sans jouer les Cassandre, l\u2019on peut dire que ce n\u2019est pas demain la veille qu\u2019elle sera au-rendez-vous. C\u2019est dire si les nouvelles autorit\u00e9s ont du pain sur la planche.<\/p>\n<p class=\"c4\">Cela dit, tant qu\u2019on ne s\u2019attaquera pas \u00e0 la racine du mal, toute tentative de ramener la paix au Darfour, sera vou\u00e9e \u00e0 l\u2019\u00e9chec. Pour que cette partie de l\u2019Afrique puisse conna\u00eetre une paix durable, il faut une v\u00e9ritable catharsis. En tout cas, les autorit\u00e9s de la transition doivent mettre un point d\u2019honneur \u00e0 d\u00e9sarmer les c\u0153urs et \u00e0 renforcer la coh\u00e9sion sociale.<\/p>\n<p class=\"c4\"><strong>Les autorit\u00e9s n\u2019ont autre choix que de veiller \u00e0 ce que les vieux d\u00e9mons ne se r\u00e9veillent pas<\/strong><\/p>\n<p class=\"c4\">Certes, ce n\u2019est pas chose ais\u00e9e, surtout que les conflits identitaires au Darfour datent de Mathusalem tant et si bien que le moindre <em>casus belli<\/em> engendre une d\u00e9flagration. Mais si elles veulent d\u2019un pays stable, ces autorit\u00e9s n\u2019ont autre choix que de veiller \u00e0 ce que les vieux d\u00e9mons ne se r\u00e9veillent pas. L\u2019on se demande d\u2019ailleurs si le g\u00e9n\u00e9ral Abdul Fattah al-Burhan et ses codirigeants n\u2019ont pas eu tort de demander le d\u00e9part des troupes onusiennes qui ont longtemps contribu\u00e9 \u00e0 \u00e9viter des affrontements intercommunautaires et autres guerres tribales. Ce n\u2019est pas parce qu\u2019on a r\u00e9ussi \u00e0 chasser B\u00e9chir qui a dirig\u00e9 le pays d\u2019une main de fer pendant plus d\u2019un quart de si\u00e8cle, que l\u2019on peut croire que tous les probl\u00e8mes du Soudan ont \u00e9t\u00e9 r\u00e9gl\u00e9s comme par enchantement.<\/p>\n<p class=\"c4\">Les nouveaux dirigeants semblent ignorer que l\u2019on ne peut, par un coup de baquette magique, ramener d\u00e9finitivement la paix dans une r\u00e9gion qui a connu une guerre civile qui aura laiss\u00e9 sur le carreau plus de 300\u00a0000 morts. Il faut un travail de longue haleine pour y parvenir. Tant que les plaies que portent de nombreux Soudanais dans leurs flancs, ne seront pas cicatris\u00e9es, il sera difficile que les populations qui continuent de se regarder en chiens de fa\u00efence, puissent fumer le calumet de la paix. Du reste, on en vient \u00e0 s\u2019interroger d\u2019ailleurs sur l\u2019efficacit\u00e9 des mesures prises pour juguler cet \u00e9ni\u00e8me affrontement intercommunautaire. \u00a0L\u2019usage de la force et l\u2019instauration du couvre-feu suffiront-ils \u00e0 faire entrer les <em>djinns<\/em> dans leur bouteille\u00a0? On attend de voir.<\/p>\n<p class=\"c4\"><strong>\u00a0<\/strong><\/p>\n<p class=\"c4\"><strong>Dabadi ZOUMBARA<\/strong><\/p>\n<p class=\"c4\"><strong>\u00a0<\/strong><\/p>\n<p class=\"c4\"><strong>\u00a0<\/strong><\/p>\n<p class=\"c4\"><strong>\u00a0<\/strong><\/p>\n<p class=\"c4\"><strong>\u00a0<\/strong><\/p>\n<p class=\"c4\"><strong>\u00a0\u00a0<\/strong><\/p>\n<p>Auteur: Le Pays<br \/>\n<a href=\"https:\/\/lepays.bf\/massacres-intercommunautairs-au-darfour-il-faut-sattaquer-a-la-racine-du-mal\/\">Cliquez ici pour lire l&rsquo;article depuis sa source.<\/a><\/p>\n","protected":false},"excerpt":{"rendered":"<p>C\u2019est avec grand \u00e9tonnement que l\u2019on vient d\u2019assister aux affrontements intercommunautaires qui auront co\u00fbt\u00e9 la vie \u00e0 plus de 80 personnes et fait plus de 160 bless\u00e9s avec \u00e0 la cl\u00e9, des dizaines de maisons incendi\u00e9es. Tout serait parti du meurtre d\u2019un homme de la tribu arabe Rizeigat, poignard\u00e9 \u00e0 mort dans un march\u00e9 du [&hellip;]<\/p>\n","protected":false},"author":1813,"featured_media":0,"comment_status":"closed","ping_status":"closed","sticky":false,"template":"","format":"standard","meta":{"fifu_image_url":"","fifu_image_alt":"","footnotes":""},"categories":[73,81],"tags":[],"class_list":["post-109544","post","type-post","status-publish","format-standard","hentry","category-actualite","category-burkina-faso"],"_links":{"self":[{"href":"https:\/\/linitiative.ca\/International\/wp-json\/wp\/v2\/posts\/109544","targetHints":{"allow":["GET"]}}],"collection":[{"href":"https:\/\/linitiative.ca\/International\/wp-json\/wp\/v2\/posts"}],"about":[{"href":"https:\/\/linitiative.ca\/International\/wp-json\/wp\/v2\/types\/post"}],"author":[{"embeddable":true,"href":"https:\/\/linitiative.ca\/International\/wp-json\/wp\/v2\/users\/1813"}],"replies":[{"embeddable":true,"href":"https:\/\/linitiative.ca\/International\/wp-json\/wp\/v2\/comments?post=109544"}],"version-history":[{"count":0,"href":"https:\/\/linitiative.ca\/International\/wp-json\/wp\/v2\/posts\/109544\/revisions"}],"wp:attachment":[{"href":"https:\/\/linitiative.ca\/International\/wp-json\/wp\/v2\/media?parent=109544"}],"wp:term":[{"taxonomy":"category","embeddable":true,"href":"https:\/\/linitiative.ca\/International\/wp-json\/wp\/v2\/categories?post=109544"},{"taxonomy":"post_tag","embeddable":true,"href":"https:\/\/linitiative.ca\/International\/wp-json\/wp\/v2\/tags?post=109544"}],"curies":[{"name":"wp","href":"https:\/\/api.w.org\/{rel}","templated":true}]}}