{"id":109545,"date":"2021-01-18T15:11:18","date_gmt":"2021-01-18T20:11:18","guid":{"rendered":"https:\/\/linitiative.ca\/International\/le-sga-aux-operation-de-paix-de-lonu-au-mali-bamako-vaut-bien-une-visite\/"},"modified":"2021-01-18T15:11:18","modified_gmt":"2021-01-18T20:11:18","slug":"le-sga-aux-operation-de-paix-de-lonu-au-mali-bamako-vaut-bien-une-visite","status":"publish","type":"post","link":"https:\/\/linitiative.ca\/International\/le-sga-aux-operation-de-paix-de-lonu-au-mali-bamako-vaut-bien-une-visite\/","title":{"rendered":"LE SGA AUX OPERATION DE PAIX DE L\u2019ONU AU MALI  : Bamako vaut bien une visite"},"content":{"rendered":"<p class=\"c4\">Une semaine \u00e0 peine apr\u00e8s l\u2019ex-pr\u00e9sident nig\u00e9rian Goodluck Jonathan, le repr\u00e9sentant de la Communaut\u00e9 \u00e9conomique des Etats de l\u2019Afrique de l\u2019ouest (CEDEAO) qui a conduit une mission d\u2019\u00e9valuation de la Transition \u00e0 Bamako les 11 et 12 janvier derniers, c\u2019est le Secr\u00e9taire g\u00e9n\u00e9ral adjoint aux op\u00e9rations de paix de l\u2019ONU, Jean-Pierre Lacroix, qui s\u00e9journe dans la capitale malienne pour une visite de plusieurs jours. Entre rencontres avec les autorit\u00e9s de la Transition, la soci\u00e9t\u00e9 civile et les acteurs du processus de paix, l\u2019objectif de cette visite, a laiss\u00e9 entendre l\u2019\u00e9missaire de l\u2019ONU \u00e0 son arriv\u00e9e le 16 janvier dernier \u00e0 Bamako,\u00a0 est de voir <em>\u00ab\u00a0la mani\u00e8re dont nous, Nations unies, et particuli\u00e8rement\u00a0 la MINUSMA, pouvons accompagner \u00e0 la fois la Transition et aider les efforts en cours pour traiter les probl\u00e8mes de s\u00e9curit\u00e9 et les autres probl\u00e8mes qui affectent ce pays<\/em>\u00a0\u00bb.<\/p>\n<p class=\"c4\">Le moins que l\u2019on puisse dire, c\u2019est que cette visite ne pouvait pas mieux tomber, puisqu\u2019elle intervient au moment o\u00f9 l\u2019hydre terroriste semble reprendre du poil de la b\u00eate dans ce pays o\u00f9 les Forces arm\u00e9es maliennes (FAMA) et leurs alli\u00e9s internationaux comme la force fran\u00e7aise Barkhane et la Minusma, sont mises \u00e0 rude \u00e9preuve sur le terrain de la s\u00e9curisation du territoire.<\/p>\n<p class=\"c4\"><strong>On peut se demander si ce ballet diplomatique sur les bords du fleuve Djoliba, ne vise pas \u00e0 garder un \u0153il sur la Transition<\/strong><\/p>\n<p class=\"c4\">En effet, pas plus tard que les 13 et 15 janvier derniers, cinq soldats onusiens perdaient la vie dans la R\u00e9gion de Tombouctou et \u00e0 Tessalit. Avant eux, ce sont deux soldats fran\u00e7ais qui passaient de vie \u00e0 tr\u00e9pas au contact de leur blind\u00e9 avec un engin explosif improvis\u00e9 dans la r\u00e9gion de M\u00e9naka, le 2 janvier dernier, soit seulement une semaine apr\u00e8s que trois autres de leurs camarades sont tomb\u00e9s au front dans la zone dite \u00ab<em>\u00a0des trois fronti\u00e8res\u00a0<\/em>\u00bb, entre le Mali, le Burkina Faso et le Niger. Quant aux FAMA, elles ne sont pas en reste puisque l\u2019un de leur convoi a \u00e9t\u00e9 la cible d\u2019une attaque terroriste le 26 d\u00e9cembre dernier dans la r\u00e9gion de Mopti, entre Dinangourou et Mondoro, au cours de laquelle une dizaine d\u2019assaillants ont \u00e9t\u00e9 neutralis\u00e9s, selon des sources s\u00e9curitaires maliennes. C\u2019est dire si Bamako vaut bien cette visite du chef du d\u00e9partement des op\u00e9rations de paix des Nations unies, pour non seulement remonter le moral des troupes en ces moments particuli\u00e8rement difficiles, mais aussi aviser sur la fa\u00e7on de mieux adapter le dispositif s\u00e9curitaire face \u00e0 un ennemi \u00e0 la capacit\u00e9 de nuisance toujours aussi importante. Ce, au moment o\u00f9 la Transition malienne se montre encore poussive et fait l\u2019objet de pol\u00e9mique de la part d\u2019une partie de la classe politique qui ne cesse de d\u00e9noncer la forte militarisation des institutions \u00a0et la gestion en solitaire\u00a0 des hommes en kaki. Aussi peut-on se demander si ce ballet diplomatique des \u00e9missaires de la CEDEAO et de l\u2019Organisation des Nations unies sur les bords du fleuve Djoliba, ne vise pas \u00e0 garder un \u0153il sur cette Transition \u00e0 l\u2019effet d\u2019\u00e9viter qu\u2019elle ne d\u00e9vie de son objectif premier qui est de conduire le pays \u00e0 des \u00e9lections libres et transparentes dans le d\u00e9lai imparti de 18 mois, pour un retour au plus t\u00f4t \u00e0 l\u2019ordre constitutionnel normal.<\/p>\n<p class=\"c4\"><strong>Il appartient aux diff\u00e9rents acteurs de la crise malienne de montrer une r\u00e9elle volont\u00e9 d\u2019avancer et de progresser sur le chemin de la paix<\/strong><\/p>\n<p class=\"c4\">Comment peut-il en \u00eatre autrement quand les hommes en treillis qui ont r\u00e9ussi le tour de force de se tailler la part du lion dans cette Transition qui se voulait pourtant civile avec la b\u00e9n\u00e9diction de la communaut\u00e9 internationale, notamment la CEDEAO, ne donnent pas suffisamment de gages de la noblesse de leurs intentions apr\u00e8s avoir d\u00e9pos\u00e9 le r\u00e9gime d\u2019Ibrahim Boubacar K\u00e9\u00efta (IBK), encore moins de leur d\u00e9sint\u00e9r\u00eat du pouvoir ?<\/p>\n<p class=\"c4\">C\u2019est dire si avec ce ballet de visiteurs de haut rang, le Mali reste globalement une pr\u00e9occupation pour la communaut\u00e9 internationale. Surtout en cette p\u00e9riode charni\u00e8re et sensible o\u00f9 la Transition elle-m\u00eame est encore \u00e0 la recherche de ses marques\u00a0; toute chose qui laisse peu de place \u00e0 l\u2019application des accords d\u2019Alger cens\u00e9s sortir le pays de l\u2019impasse. C\u2019est pourquoi l\u2019on se demande si la visite du <em>Monsieur paix<\/em> de l\u2019ONU qui a aussi, dans son agenda, des rencontres avec les officiels maliens et les acteurs du processus de paix, permettra de faire bouger les lignes dans le sens du dialogue. Il y va de l\u2019int\u00e9r\u00eat et de la stabilit\u00e9 du Mali.<\/p>\n<p class=\"c4\">En tout \u00e9tat de cause, il est plut\u00f4t heureux de voir que la communaut\u00e9 internationale ne veut pas abandonner le Mali \u00e0 lui-m\u00eame et \u00e0 son difficile sort, en multipliant les efforts d\u2019accompagnement \u00e0 son endroit. Mais comme le dit l\u2019adage, \u00ab\u00a0<em>quand on te lave le visage, il faut pouvoir te laver toi aussi le dos\u00a0<\/em>\u00bb. Par cons\u00e9quent, il appartient aux diff\u00e9rents acteurs de la crise malienne de montrer une r\u00e9elle volont\u00e9 d\u2019avancer et de progresser sur le chemin de la paix, \u00a0en jouant avec sinc\u00e9rit\u00e9 leur partition chacun en ce qui le concerne, et en s\u2019impliquant r\u00e9solument dans le processus de sortie de crise.\u00a0 C\u2019est \u00e0 ce prix que le pays peut esp\u00e9rer voir le bout du long tunnel.<\/p>\n<p class=\"c4\"><strong><em>\u00a0<\/em><\/strong><\/p>\n<p class=\"c4\"><strong><em>\u00ab\u00a0Le Pays\u00a0\u00bb<\/em><\/strong><\/p>\n<p class=\"c4\"><strong>\u00a0<\/strong><\/p>\n<p>Auteur: Le Pays<br \/>\n<a href=\"https:\/\/lepays.bf\/le-sga-aux-operation-de-paix-de-lonu-au-mali-bamako-vaut-bien-une-visite\/\">Cliquez ici pour lire l&rsquo;article depuis sa source.<\/a><\/p>\n","protected":false},"excerpt":{"rendered":"<p>Une semaine \u00e0 peine apr\u00e8s l\u2019ex-pr\u00e9sident nig\u00e9rian Goodluck Jonathan, le repr\u00e9sentant de la Communaut\u00e9 \u00e9conomique des Etats de l\u2019Afrique de l\u2019ouest (CEDEAO) qui a conduit une mission d\u2019\u00e9valuation de la Transition \u00e0 Bamako les 11 et 12 janvier derniers, c\u2019est le Secr\u00e9taire g\u00e9n\u00e9ral adjoint aux op\u00e9rations de paix de l\u2019ONU, Jean-Pierre Lacroix, qui s\u00e9journe dans [&hellip;]<\/p>\n","protected":false},"author":1813,"featured_media":0,"comment_status":"closed","ping_status":"closed","sticky":false,"template":"","format":"standard","meta":{"fifu_image_url":"","fifu_image_alt":"","footnotes":""},"categories":[73,81],"tags":[],"class_list":["post-109545","post","type-post","status-publish","format-standard","hentry","category-actualite","category-burkina-faso"],"_links":{"self":[{"href":"https:\/\/linitiative.ca\/International\/wp-json\/wp\/v2\/posts\/109545","targetHints":{"allow":["GET"]}}],"collection":[{"href":"https:\/\/linitiative.ca\/International\/wp-json\/wp\/v2\/posts"}],"about":[{"href":"https:\/\/linitiative.ca\/International\/wp-json\/wp\/v2\/types\/post"}],"author":[{"embeddable":true,"href":"https:\/\/linitiative.ca\/International\/wp-json\/wp\/v2\/users\/1813"}],"replies":[{"embeddable":true,"href":"https:\/\/linitiative.ca\/International\/wp-json\/wp\/v2\/comments?post=109545"}],"version-history":[{"count":0,"href":"https:\/\/linitiative.ca\/International\/wp-json\/wp\/v2\/posts\/109545\/revisions"}],"wp:attachment":[{"href":"https:\/\/linitiative.ca\/International\/wp-json\/wp\/v2\/media?parent=109545"}],"wp:term":[{"taxonomy":"category","embeddable":true,"href":"https:\/\/linitiative.ca\/International\/wp-json\/wp\/v2\/categories?post=109545"},{"taxonomy":"post_tag","embeddable":true,"href":"https:\/\/linitiative.ca\/International\/wp-json\/wp\/v2\/tags?post=109545"}],"curies":[{"name":"wp","href":"https:\/\/api.w.org\/{rel}","templated":true}]}}