{"id":109546,"date":"2021-01-18T14:14:18","date_gmt":"2021-01-18T19:14:18","guid":{"rendered":"https:\/\/linitiative.ca\/International\/centrafrique-sunir-ou-perir\/"},"modified":"2021-01-18T14:14:18","modified_gmt":"2021-01-18T19:14:18","slug":"centrafrique-sunir-ou-perir","status":"publish","type":"post","link":"https:\/\/linitiative.ca\/International\/centrafrique-sunir-ou-perir\/","title":{"rendered":"Centrafrique : s\u2019unir  ou p\u00e9rir"},"content":{"rendered":"<p>La victoire de Faustin-Archange Touad\u00e9ra, proclam\u00e9e par l\u2019Autorit\u00e9 nationale des \u00e9lections (ANE), a \u00e9t\u00e9 valid\u00e9e par la Cour constitutionnelle, hier lundi 18 janvier 2021, dans un climat s\u00e9curitaire tr\u00e8s d\u00e9l\u00e9t\u00e8re. Les r\u00e9sultats d\u00e9finitifs lui donnent 53,16% des voix devant Anicet Georges Dologu\u00e9l\u00e9 avec 21,69%. La Cour constitutionnelle a rejet\u00e9 les recours de l\u2019opposition d\u00e9non\u00e7ant des fraudes massives, qui plaide pour l\u2019annulation du double scrutin pr\u00e9sidentiel et l\u00e9gislatif du 27 d\u00e9cembre 2020. L\u2019on se rappelle qu\u2019\u00e0 quelques deux semaines des votes, un regroupement circonstanciel de six groupes arm\u00e9s d\u00e9nomm\u00e9 Coalition des patriotes pour le changement (CPC), a pris les armes pour emp\u00eacher la tenue des \u00e9lections. En d\u00e9pit de cette menace bien r\u00e9elle, puisque jusqu\u2019aujourd\u2019hui la CPC occupe les deux tiers du territoire centrafricain, les \u00e9lecteurs se sont rendus dans les urnes dans certaines localit\u00e9s du pays. Gr\u00e2ce au soutien apport\u00e9 par les casques bleus de la MINUSCA, les militaires rwandais, les Russes et les Fran\u00e7ais, l\u2019offensive rebelle sur Bangui, la capitale, a \u00e9t\u00e9 stopp\u00e9e. Depuis lors, le pays vit avec les incertitudes d\u2019un lendemain qui rappelle la grave crise sociopolitique de 2013.<br \/>M\u00eame si la validation de la r\u00e9\u00e9lection de Touad\u00e9ra donne un brin d\u2019espoir aux milliers de Centrafricains qui appellent de tous leurs v\u0153ux le retour \u00e0 une situation d\u00e9finitivement normale dans leur pays, l\u2019on se demande comment le pr\u00e9sident r\u00e9\u00e9lu pourra gouverner. Avec une opposition qui ne reconna\u00eet pas sa victoire et la forte pr\u00e9sence des groupes arm\u00e9s qui p\u00e8sent comme une \u00e9p\u00e9e de Damocl\u00e8s sur son pouvoir, Touad\u00e9ra devra man\u0153uvrer avec tact pour pr\u00e9server la relative stabilit\u00e9 institutionnelle du pays, et partant son second mandat. Imp\u00e9rativement, il devra, au plus vite, prendre langue avec l\u2019ensemble de la classe politique afin que s\u2019amorcent des pourparlers pouvant permettre d\u2019accorder les violons sur l\u2019essentiel. De l\u2019autre c\u00f4t\u00e9, il faudra rehausser le moral des forces arm\u00e9es centrafricaines qui croisent le fer depuis des lustres avec la pl\u00e9thore de groupes arm\u00e9es.<br \/>Le retour de la stabilit\u00e9 dans ce pays laiss\u00e9 \u00e0 l\u2019app\u00e9tit gargantuesque des avides de pierres pr\u00e9cieuses et autres ressources, incombe-t-il au seul pr\u00e9sident Touad\u00e9ra ? Absolument pas ! Toute la classe politique centrafricaine est interpel\u00e9e face au d\u00e9litement territorial et social que subit le pays. M\u00eame si ces \u00e9lections sont loin d\u2019avoir \u00e9t\u00e9 inclusives et transparentes, elles permettent un tant soit peu de pr\u00e9server les institutions de la r\u00e9publique. Si les leaders politiques sont soucieux du devenir de leur pays, ils devraient d\u00e9passer leurs contradictions et leurs propres int\u00e9r\u00eats pour se pencher sur ce grand corps malade qu\u2019est la Centrafrique depuis plusieurs ann\u00e9es. Seul un v\u00e9ritable sursaut de la classe politique centrafricaine pourrait favoriser le retour au calme et \u00e0 la stabilit\u00e9 dans ce pays meurtri. Tant que les leaders politiques continueront \u00e0 s\u2019\u00e9triper sur des pr\u00e9occupations qui mettent plus en avant leur ego que l\u2019int\u00e9r\u00eat sup\u00e9rieur de la nation, les groupes arm\u00e9s et autres pilleurs de ressources auront les coud\u00e9es franches pour faire de la Centrafrique un no man\u2019s land propice \u00e0 leurs affaires. Il faut un front commun patriotique qui va mobiliser toutes les \u00e9nergies du pays pour pr\u00e9server l\u2019essentiel. Que vaut la souverainet\u00e9 d\u2019un Etat qui est oblig\u00e9 de faire appel \u00e0 des forces \u00e9trang\u00e8res pour le s\u00e9curiser ? Pendant combien de temps, les alli\u00e9s de Bangui continueront d\u2019\u00eatre pr\u00e9sents \u00e0 ses c\u00f4t\u00e9s dans ces moments difficiles ? Nul ne saurait r\u00e9pondre dans la mesure o\u00f9 ce sont les int\u00e9r\u00eats strat\u00e9giques qui justifient la pr\u00e9sence de certains en terre centrafricaine. Dans un contexte o\u00f9 les instances sous r\u00e9gionales et r\u00e9gionales comme l\u2019Union africaine semblent briller par leur silence sur ce qui se passe en Centrafrique, il appartient au peuple et \u00e0 ses leaders de savoir se retrouver pour mettre le pays \u00e0 l\u2019abri de ceux qui ne croient qu\u2019\u00e0 la force des armes. Le pr\u00e9sident Touad\u00e9ra aura beau montrer sa bonne volont\u00e9 de rassembler tous les fils et filles de la nation pour que la paix revienne, tant que les autres ne s\u2019engageront pas dans cette m\u00eame dynamique, ce sera un coup d\u2019\u00e9p\u00e9e dans l\u2019eau. L\u2019heure n\u2019est pas aux calculs politiciens et aux tergiversations, il faut parer \u00e0 l\u2019urgence : prot\u00e9ger le pays qui est en train de voler en \u00e9clats. Parce que lorsque la maison br\u00fble, tous les habitants doivent taire leurs divergences et se mobiliser pour circonscrire les flammes. Centrafricains de tous bords, unissez-vous pour sauver la Centrafrique !<\/p>\n<p>Karim BADOLO<\/p>\n<div class=\"td-a-rec td-a-rec-id-content_bottom tdi_33_43f td_block_template_1\"><img loading=\"lazy\" decoding=\"async\" class=\"aligncenter size-full wp-image-27454\" src=\"https:\/\/www.sidwaya.info\/wp-content\/uploads\/2020\/10\/PUB-Bandeau-paiement-mobile-siteweb.jpg\" alt=\"\" width=\"728\" height=\"90\"\/><\/div>\n<p>Auteur: BM. Sidwaya<br \/>\n<a href=\"https:\/\/www.sidwaya.info\/blog\/2021\/01\/18\/centrafrique-sunir-ou-perir\/\">Cliquez ici pour lire l&rsquo;article depuis sa source.<\/a><\/p>\n","protected":false},"excerpt":{"rendered":"<p>La victoire de Faustin-Archange Touad\u00e9ra, proclam\u00e9e par l\u2019Autorit\u00e9 nationale des \u00e9lections (ANE), a \u00e9t\u00e9 valid\u00e9e par la Cour constitutionnelle, hier lundi 18 janvier 2021, dans un climat s\u00e9curitaire tr\u00e8s d\u00e9l\u00e9t\u00e8re. Les r\u00e9sultats d\u00e9finitifs lui donnent 53,16% des voix devant Anicet Georges Dologu\u00e9l\u00e9 avec 21,69%. La Cour constitutionnelle a rejet\u00e9 les recours de l\u2019opposition d\u00e9non\u00e7ant des [&hellip;]<\/p>\n","protected":false},"author":1816,"featured_media":0,"comment_status":"closed","ping_status":"closed","sticky":false,"template":"","format":"standard","meta":{"fifu_image_url":"https:\/\/www.sidwaya.info\/wp-content\/uploads\/2020\/10\/PUB-Bandeau-paiement-mobile-siteweb.jpg","fifu_image_alt":"Centrafrique : s\u2019unir  ou p\u00e9rir","footnotes":""},"categories":[73,81],"tags":[],"class_list":["post-109546","post","type-post","status-publish","format-standard","hentry","category-actualite","category-burkina-faso"],"_links":{"self":[{"href":"https:\/\/linitiative.ca\/International\/wp-json\/wp\/v2\/posts\/109546","targetHints":{"allow":["GET"]}}],"collection":[{"href":"https:\/\/linitiative.ca\/International\/wp-json\/wp\/v2\/posts"}],"about":[{"href":"https:\/\/linitiative.ca\/International\/wp-json\/wp\/v2\/types\/post"}],"author":[{"embeddable":true,"href":"https:\/\/linitiative.ca\/International\/wp-json\/wp\/v2\/users\/1816"}],"replies":[{"embeddable":true,"href":"https:\/\/linitiative.ca\/International\/wp-json\/wp\/v2\/comments?post=109546"}],"version-history":[{"count":0,"href":"https:\/\/linitiative.ca\/International\/wp-json\/wp\/v2\/posts\/109546\/revisions"}],"wp:attachment":[{"href":"https:\/\/linitiative.ca\/International\/wp-json\/wp\/v2\/media?parent=109546"}],"wp:term":[{"taxonomy":"category","embeddable":true,"href":"https:\/\/linitiative.ca\/International\/wp-json\/wp\/v2\/categories?post=109546"},{"taxonomy":"post_tag","embeddable":true,"href":"https:\/\/linitiative.ca\/International\/wp-json\/wp\/v2\/tags?post=109546"}],"curies":[{"name":"wp","href":"https:\/\/api.w.org\/{rel}","templated":true}]}}