{"id":109548,"date":"2021-01-18T14:30:22","date_gmt":"2021-01-18T19:30:22","guid":{"rendered":"https:\/\/linitiative.ca\/International\/valorisation-du-coton-burkinabe-association-yeelba-se-dote-dun-siege-a-ouagadougou\/"},"modified":"2021-01-18T14:30:22","modified_gmt":"2021-01-18T19:30:22","slug":"valorisation-du-coton-burkinabe-association-yeelba-se-dote-dun-siege-a-ouagadougou","status":"publish","type":"post","link":"https:\/\/linitiative.ca\/International\/valorisation-du-coton-burkinabe-association-yeelba-se-dote-dun-siege-a-ouagadougou\/","title":{"rendered":"Valorisation du coton burkinab\u00e8: Association Yeelba se dote d\u2019un si\u00e8ge \u00e0 Ouagadougou"},"content":{"rendered":"<div class=\"td-post-featured-image\"><a href=\"https:\/\/www.sidwaya.info\/wp-content\/uploads\/2021\/01\/yelba021.jpg\" data-caption=\"\"><img loading=\"lazy\" decoding=\"async\" width=\"696\" height=\"522\" class=\"entry-thumb td-modal-image\" src=\"https:\/\/www.sidwaya.info\/wp-content\/uploads\/2021\/01\/yelba021-696x522.jpg\" srcset=\"https:\/\/www.sidwaya.info\/wp-content\/uploads\/2021\/01\/yelba021-696x522.jpg 696w, https:\/\/www.sidwaya.info\/wp-content\/uploads\/2021\/01\/yelba021-300x225.jpg 300w, https:\/\/www.sidwaya.info\/wp-content\/uploads\/2021\/01\/yelba021-768x576.jpg 768w, https:\/\/www.sidwaya.info\/wp-content\/uploads\/2021\/01\/yelba021-150x112.jpg 150w, https:\/\/www.sidwaya.info\/wp-content\/uploads\/2021\/01\/yelba021-560x420.jpg 560w, https:\/\/www.sidwaya.info\/wp-content\/uploads\/2021\/01\/yelba021-80x60.jpg 80w, https:\/\/www.sidwaya.info\/wp-content\/uploads\/2021\/01\/yelba021-265x198.jpg 265w, https:\/\/www.sidwaya.info\/wp-content\/uploads\/2021\/01\/yelba021.jpg 787w\" sizes=\"auto, (max-width: 696px) 100vw, 696px\" alt=\"\" title=\"yelba021\"\/><\/a><\/div>\n<p><strong>L\u2019Association Yeelba a inaugur\u00e9 officiellement son si\u00e8ge, le jeudi 14 janvier 2021, \u00e0 Ouagadougou, au quartier Dagno\u00ebn pour mieux valoriser le coton burkinab\u00e8. A l\u2019occasion, elle a annonc\u00e9 la tenue, du 10 au 13 septembre 2021, de \u00ab EXPO YEELBA \u00bb \u00e0 Rome, en Italie.<\/strong><\/p>\n<p>Structure \u0153uvrant dans le domaine du textile au Burkina Faso, l\u2019Association Yeelba manifeste son engagement \u00e0 valoriser et promouvoir les produits \u00ab Made in Burkina \u00bb \u00e0 base de coton, notamment le Faso dan Fani \u00e0 travers un cadre de travail appropri\u00e9. Pour ce faire, elle a inaugur\u00e9 son si\u00e8ge, le jeudi 14 janvier 2021, au quartier Dagno\u00eb de Ouagadougou, en pr\u00e9sence de ses partenaires. L\u2019occasion faisant le larron, l\u2019association a annonc\u00e9 au public la tenue de \u00ab EXPO YEELBA \u00bb, du 10 au 13 septembre prochain \u00e0 Rome, en Italie. Selon le secr\u00e9taire g\u00e9n\u00e9ral de l\u2019Association Yeelba, Adama Barro, ce cadre va permettre de travailler sereinement et de recevoir souvent des invit\u00e9s pour r\u00e9fl\u00e9chir \u00e0 des th\u00e9matiques relatives au domaine du coton et textile.<br \/>\u00ab Le si\u00e8ge est essentiel et fondamental. Nous sommes tr\u00e8s heureux d\u2019en avoir et d\u2019en pr\u00e9senter au public et aux m\u00e9dias \u00bb, a-t-il laiss\u00e9 entendre. Aux dires de Adama Barro, le Burkina Faso produit chaque ann\u00e9e environ 250 000 tonnes de coton fibre enti\u00e8rement export\u00e9es. Moins de 2%, a-t-il ajout\u00e9, de ce coton est transform\u00e9 tandis que le Burkina Faso importe des textiles pour environ 70 milliards F CFA par an dont une grande partie sous forme de friperie. C\u2019est pourquoi, a-t-il expliqu\u00e9, l\u2019Association Yeelba veut r\u00e9volutionner cette donne pour produire le coton burkinab\u00e8 et le transformer en produits finis destin\u00e9s \u00e0 la vente ext\u00e9rieure. \u00ab Pour cela, plusieurs actions doivent \u00eatre engag\u00e9es. La production doit \u00eatre en grande quantit\u00e9 et la transformation mieux faite pour offrir des produits attractifs et comp\u00e9titifs sur le march\u00e9 \u00bb, a laiss\u00e9 entendre le secr\u00e9taire g\u00e9n\u00e9ral de l\u2019Association Yeelba. La pr\u00e9sidente de l\u2019Association Yeelba, Eliane Zongo a, pour sa part, d\u00e9voil\u00e9 le programme de \u00ab EXPO YEELBA \u00bb qui va se tenir sous le th\u00e8me : \u00ab Fili\u00e8re coton : probl\u00e9matiques, exp\u00e9riences et perspectives \u00bb, \u00e0 Rome en Italie en septembre prochain.<\/p>\n<p>Promouvoir des partenariats<\/p>\n<p>Elle a relev\u00e9 que l\u2019\u00e9v\u00e8nement remplace le \u00ab FESTIVAL YEELBA \u00bb apr\u00e8s les le\u00e7ons tir\u00e9es de la premi\u00e8re \u00e9dition dudit festival. \u00ab EXPO YEELBA \u00bb est port\u00e9, a-t-elle, pr\u00e9cis\u00e9, par l\u2019Association Yeelba qui s\u2019engage \u00e0 promouvoir des partenariats multiformes et multisectoriels en lien avec ses objectifs tous les deux ans. Il s\u2019agit de faciliter aux professionnels italiens et burkinab\u00e8 de la fili\u00e8re coton et textile, la connaissance de l\u2019environnement \u00e9conomique, des politiques d\u2019investissement, de la diversit\u00e9 des ressources et des exp\u00e9riences de d\u00e9veloppement des deux pays. \u00ab EXPO YEELBA \u00bb va \u00e9galement, \u00e0 entendre Eliane Zongo, offrir des espaces d\u2019informations et d\u2019\u00e9changes sur les probl\u00e9matiques, entre autres, et mobiliser des experts, des stylistes, des artisans et des entreprises pour faire conna\u00eetre le Faso dan Fani et ses diverses utilisations. Quant \u00e0 la marraine de la c\u00e9r\u00e9monie d\u2019inauguration du si\u00e8ge de l\u2019Association Yeelba, l\u2019ambassadrice du Burkina Faso en Italie, Jos\u00e9phine Ou\u00e9draogo\/ Guissou, elle a indiqu\u00e9 que le b\u00e2timent qui abrite d\u00e9sormais l\u2019association est le r\u00e9sultat du \u00ab FESTIVAL YEELBA \u00bb tenu en d\u00e9cembre 2019 \u00e0 Rome.<br \/>\u00ab Nous avons travaill\u00e9 ensemble avec des responsables d\u2019une association italo-burkinab\u00e8 qui a permis \u00e0 l\u2019ambassade de faire conna\u00eetre le Burkina Faso \u00e0 l\u2019ext\u00e9rieur \u00e0 travers le Faso dan Fani \u00bb, a-t-elle affirm\u00e9. A \u00e9couter les responsables de l\u2019Association Yeelba, des conf\u00e9rences, des expositions artisanales et de luxe et une \u00ab Soir\u00e9e Yeelba \u00bb vont \u00eatre les temps forts de<br \/>\u00ab EXPO YEELBA \u00bb en septembre prochain dans la capitale italienne. A la fin de la c\u00e9r\u00e9monie, plusieurs partenaires, notamment des m\u00e9dias, l\u2019Agence burkinab\u00e8 d\u2019investissement (ABI), les minist\u00e8res en charge de la communication, la culture, le commerce et des affaires \u00e9trang\u00e8res ont \u00e9t\u00e9 gratifi\u00e9s d\u2019agendas couverts par le Faso dan Fani pour leurs soutiens \u00e0 l\u2019Association Yeelba.<\/p>\n<p>Boukary BONKOUNGOU<\/p>\n<div class=\"td-a-rec td-a-rec-id-content_bottom tdi_33_011 td_block_template_1\"><img loading=\"lazy\" decoding=\"async\" class=\"aligncenter size-full wp-image-27454\" src=\"https:\/\/www.sidwaya.info\/wp-content\/uploads\/2020\/10\/PUB-Bandeau-paiement-mobile-siteweb.jpg\" alt=\"\" width=\"728\" height=\"90\"\/><\/div>\n<p>Auteur: BM. Sidwaya<br \/>\n<a href=\"https:\/\/www.sidwaya.info\/blog\/2021\/01\/18\/valorisation-du-coton-burkinabe-association-yeelba-se-dote-dun-siege-a-ouagadougou\/\">Cliquez ici pour lire l&rsquo;article depuis sa source.<\/a><\/p>\n","protected":false},"excerpt":{"rendered":"<p>L\u2019Association Yeelba a inaugur\u00e9 officiellement son si\u00e8ge, le jeudi 14 janvier 2021, \u00e0 Ouagadougou, au quartier Dagno\u00ebn pour mieux valoriser le coton burkinab\u00e8. A l\u2019occasion, elle a annonc\u00e9 la tenue, du 10 au 13 septembre 2021, de \u00ab EXPO YEELBA \u00bb \u00e0 Rome, en Italie. Structure \u0153uvrant dans le domaine du textile au Burkina Faso, [&hellip;]<\/p>\n","protected":false},"author":1816,"featured_media":0,"comment_status":"closed","ping_status":"closed","sticky":false,"template":"","format":"standard","meta":{"fifu_image_url":"https:\/\/www.sidwaya.info\/wp-content\/uploads\/2021\/01\/yelba021-696x522.jpg","fifu_image_alt":"Valorisation du coton burkinab\u00e8: Association Yeelba se dote d\u2019un si\u00e8ge \u00e0 Ouagadougou","footnotes":""},"categories":[73,81],"tags":[],"class_list":["post-109548","post","type-post","status-publish","format-standard","hentry","category-actualite","category-burkina-faso"],"_links":{"self":[{"href":"https:\/\/linitiative.ca\/International\/wp-json\/wp\/v2\/posts\/109548","targetHints":{"allow":["GET"]}}],"collection":[{"href":"https:\/\/linitiative.ca\/International\/wp-json\/wp\/v2\/posts"}],"about":[{"href":"https:\/\/linitiative.ca\/International\/wp-json\/wp\/v2\/types\/post"}],"author":[{"embeddable":true,"href":"https:\/\/linitiative.ca\/International\/wp-json\/wp\/v2\/users\/1816"}],"replies":[{"embeddable":true,"href":"https:\/\/linitiative.ca\/International\/wp-json\/wp\/v2\/comments?post=109548"}],"version-history":[{"count":0,"href":"https:\/\/linitiative.ca\/International\/wp-json\/wp\/v2\/posts\/109548\/revisions"}],"wp:attachment":[{"href":"https:\/\/linitiative.ca\/International\/wp-json\/wp\/v2\/media?parent=109548"}],"wp:term":[{"taxonomy":"category","embeddable":true,"href":"https:\/\/linitiative.ca\/International\/wp-json\/wp\/v2\/categories?post=109548"},{"taxonomy":"post_tag","embeddable":true,"href":"https:\/\/linitiative.ca\/International\/wp-json\/wp\/v2\/tags?post=109548"}],"curies":[{"name":"wp","href":"https:\/\/api.w.org\/{rel}","templated":true}]}}