{"id":109552,"date":"2021-01-18T18:04:15","date_gmt":"2021-01-18T23:04:15","guid":{"rendered":"https:\/\/linitiative.ca\/International\/douala-un-corps-retrouve-dans-un-puits-au-quartier-boko-ii\/"},"modified":"2021-01-18T18:04:15","modified_gmt":"2021-01-18T23:04:15","slug":"douala-un-corps-retrouve-dans-un-puits-au-quartier-boko-ii","status":"publish","type":"post","link":"https:\/\/linitiative.ca\/International\/douala-un-corps-retrouve-dans-un-puits-au-quartier-boko-ii\/","title":{"rendered":"Douala : un corps retrouv\u00e9 dans un puits au quartier Boko II"},"content":{"rendered":"<div readability=\"32\">\n<p>Publi\u00e9 le 19.01.2021 \u00e0 00h08 par JournalduCameroun.com<\/p>\n<\/div>\n<div readability=\"51\">\n<h2 class=\"c6\">La famille et les voisins soutiennent la th\u00e8se de l\u2019assassinat du pr\u00e9nomm\u00e9 Pascal.<\/h2>\n<p class=\"c7\">Un drame au quartier <strong>Boko\u00a0II<\/strong> de <strong>Douala<\/strong> ce 18\u00a0janvier. Le corps sans vie d\u2019un homme a \u00e9t\u00e9 retrouv\u00e9 au fond d\u2019un puits non loin de chez lui par un enfant qui allait faire la corv\u00e9e d\u2019eau.<\/p>\n<p class=\"c7\"><em>\u00ab\u2009C\u2019est le matin quand un enfant part puiser de l\u2019eau qu\u2019il constate qu\u2019il y a des pieds dans le puits. Il appelle le voisinage\u2009\u00bb,<\/em> raconte la chef de quartier Julienne Ngando Edimo\u00a0sur la cha\u00eene Canal\u00a02. Avant, la chef de quartier relate\u00a0: <em>\u00ab\u2009les voisins sont venus me r\u00e9veiller en me disant qu\u2019il y a un corps dans le puits. Je me suis rendue et puis ils ont dit qu\u2019ils ont suivi un cri dans la nuit. Quelqu\u2019un a cri\u00e9 \u201cvenez me sauver\u201d. Mais quand ils sont sortis, ils n\u2019ont vu personne. Ils ont fouill\u00e9 partout, ils n\u2019ont vu personne\u2009\u00bb<\/em>. \u00a0Ce qui fait dire au voisinage qu\u2019il s\u2019agit d\u2019un meurtre et non d\u2019un accident.<\/p>\n<p class=\"c7\">Th\u00e8se d\u00e9fendue par un proche parent de la victime pour qui les premi\u00e8res observations de la d\u00e9pouille, le ventre est d\u00e9j\u00e0 sec et des signes d\u2019agression sur le visage. A cela, il faut ajouter l\u2019\u00e9tat de la chambre qui a manifestement \u00e9t\u00e9 cambriol\u00e9e.<\/p>\n<p class=\"c7\">La brigade de gendarmerie du quartier Nylon s\u2019est saisie de l\u2019affaire et le corps de la victime a \u00e9t\u00e9 transport\u00e9 dans une morgue.<\/p>\n<\/div>\n<p>Auteur: Ludovic Amara<br \/>\n<a href=\"https:\/\/www.journalducameroun.com\/douala-un-corps-retrouve-dans-un-puits-au-quartier-boko-ii-cameroun\/\">Cliquez ici pour lire l&rsquo;article depuis sa source.<\/a><\/p>\n","protected":false},"excerpt":{"rendered":"<p>Publi\u00e9 le 19.01.2021 \u00e0 00h08 par JournalduCameroun.com La famille et les voisins soutiennent la th\u00e8se de l\u2019assassinat du pr\u00e9nomm\u00e9 Pascal. Un drame au quartier Boko\u00a0II de Douala ce 18\u00a0janvier. Le corps sans vie d\u2019un homme a \u00e9t\u00e9 retrouv\u00e9 au fond d\u2019un puits non loin de chez lui par un enfant qui allait faire la corv\u00e9e [&hellip;]<\/p>\n","protected":false},"author":1965,"featured_media":0,"comment_status":"closed","ping_status":"closed","sticky":false,"template":"","format":"standard","meta":{"fifu_image_url":"","fifu_image_alt":"","footnotes":""},"categories":[73,82],"tags":[],"class_list":["post-109552","post","type-post","status-publish","format-standard","hentry","category-actualite","category-cameroun"],"_links":{"self":[{"href":"https:\/\/linitiative.ca\/International\/wp-json\/wp\/v2\/posts\/109552","targetHints":{"allow":["GET"]}}],"collection":[{"href":"https:\/\/linitiative.ca\/International\/wp-json\/wp\/v2\/posts"}],"about":[{"href":"https:\/\/linitiative.ca\/International\/wp-json\/wp\/v2\/types\/post"}],"author":[{"embeddable":true,"href":"https:\/\/linitiative.ca\/International\/wp-json\/wp\/v2\/users\/1965"}],"replies":[{"embeddable":true,"href":"https:\/\/linitiative.ca\/International\/wp-json\/wp\/v2\/comments?post=109552"}],"version-history":[{"count":0,"href":"https:\/\/linitiative.ca\/International\/wp-json\/wp\/v2\/posts\/109552\/revisions"}],"wp:attachment":[{"href":"https:\/\/linitiative.ca\/International\/wp-json\/wp\/v2\/media?parent=109552"}],"wp:term":[{"taxonomy":"category","embeddable":true,"href":"https:\/\/linitiative.ca\/International\/wp-json\/wp\/v2\/categories?post=109552"},{"taxonomy":"post_tag","embeddable":true,"href":"https:\/\/linitiative.ca\/International\/wp-json\/wp\/v2\/tags?post=109552"}],"curies":[{"name":"wp","href":"https:\/\/api.w.org\/{rel}","templated":true}]}}