{"id":109553,"date":"2021-01-18T18:04:19","date_gmt":"2021-01-18T23:04:19","guid":{"rendered":"https:\/\/linitiative.ca\/International\/adamaoua-plus-de-50-cas-de-coronavirus-enregistres-en-une-semaine\/"},"modified":"2021-01-18T18:04:19","modified_gmt":"2021-01-18T23:04:19","slug":"adamaoua-plus-de-50-cas-de-coronavirus-enregistres-en-une-semaine","status":"publish","type":"post","link":"https:\/\/linitiative.ca\/International\/adamaoua-plus-de-50-cas-de-coronavirus-enregistres-en-une-semaine\/","title":{"rendered":"Adamaoua : plus de 50 cas de coronavirus enregistr\u00e9s en une semaine"},"content":{"rendered":"<div readability=\"32\">\n<p>Publi\u00e9 le 19.01.2021 \u00e0 00h11 par JournalduCameroun.com<\/p>\n<\/div>\n<div readability=\"56\">\n<h2 class=\"c6\"><strong>Les autorit\u00e9s de la r\u00e9gion tirent la sonnette d\u2019alarme et appellent \u00e0 respecter les mesures barri\u00e8res.<\/strong><\/h2>\n<p class=\"c7\">La courbe des contaminations au <strong>coronavirus<\/strong> inqui\u00e8te les autorit\u00e9s de la r\u00e9gion de l\u2019Adamaoua au <strong>Cameroun<\/strong>. Selon le d\u00e9l\u00e9gu\u00e9 r\u00e9gional du minist\u00e8re de la Sant\u00e9 publique, <em>\u00ab\u2009plus de 50\u00a0cas ont \u00e9t\u00e9 enregistr\u00e9s en une semaine. \u201cEn une semaine, nous avons enregistr\u00e9 plus de 50\u00a0personnes qui ont \u00e9t\u00e9 infect\u00e9es\u201d,<\/em> indique-t-il.<\/p>\n<p class=\"c7\">Sept personnels de sant\u00e9 infect\u00e9s se compte parmi ces cas ajoute-t-il. \u00a0<em>\u201cLa r\u00e9gion de l\u2019<strong>Adamaoua<\/strong> a d\u00e9j\u00e0 travers\u00e9 le cap de 500\u00a0infect\u00e9s, nous sommes d\u00e9j\u00e0 \u00e0 545. On a en ce moment environ 50\u00a0cas actifs qui sont sous traitement\u201d<\/em>, fait-il savoir.<\/p>\n<p class=\"c7\">Les autorit\u00e9s de la ville appellent une fois de plus la population \u00e0 la vigilance et \u00e0 respecter les mesures barri\u00e8res. Le Cameroun note une r\u00e9surgence des cas, m\u00eame si l\u2019on est loin du pic atteint en juin 2020. Le ministre de la Sant\u00e9 a par ailleurs fait savoir qu\u2019aucun cas de la nouvelle variante du virus n\u2019avait \u00e9t\u00e9 enregistr\u00e9 au Cameroun. Ce qui est d\u00e9j\u00e0 le cas du Nigeria voisin, de l\u2019Afrique du Sud et du Botswana.<\/p>\n<p class=\"c7\">Selon les chiffres officiels, le Cameroun compte 28\u2009010\u00a0cas confirm\u00e9s du nouveau coronavirus \u00e0 la date du 14\u00a0janvier, dont 26\u2009861\u00a0personnes gu\u00e9ries et 455\u00a0d\u00e9c\u00e8s.<\/p>\n<\/div>\n<p>Auteur: Ludovic Amara<br \/>\n<a href=\"https:\/\/www.journalducameroun.com\/adamaoua-plus-de-50-cas-de-coronavirus-enregistres-en-une-semaine-cameroun\/\">Cliquez ici pour lire l&rsquo;article depuis sa source.<\/a><\/p>\n","protected":false},"excerpt":{"rendered":"<p>Publi\u00e9 le 19.01.2021 \u00e0 00h11 par JournalduCameroun.com Les autorit\u00e9s de la r\u00e9gion tirent la sonnette d\u2019alarme et appellent \u00e0 respecter les mesures barri\u00e8res. La courbe des contaminations au coronavirus inqui\u00e8te les autorit\u00e9s de la r\u00e9gion de l\u2019Adamaoua au Cameroun. Selon le d\u00e9l\u00e9gu\u00e9 r\u00e9gional du minist\u00e8re de la Sant\u00e9 publique, \u00ab\u2009plus de 50\u00a0cas ont \u00e9t\u00e9 enregistr\u00e9s [&hellip;]<\/p>\n","protected":false},"author":1965,"featured_media":0,"comment_status":"closed","ping_status":"closed","sticky":false,"template":"","format":"standard","meta":{"fifu_image_url":"","fifu_image_alt":"","footnotes":""},"categories":[73,82],"tags":[],"class_list":["post-109553","post","type-post","status-publish","format-standard","hentry","category-actualite","category-cameroun"],"_links":{"self":[{"href":"https:\/\/linitiative.ca\/International\/wp-json\/wp\/v2\/posts\/109553","targetHints":{"allow":["GET"]}}],"collection":[{"href":"https:\/\/linitiative.ca\/International\/wp-json\/wp\/v2\/posts"}],"about":[{"href":"https:\/\/linitiative.ca\/International\/wp-json\/wp\/v2\/types\/post"}],"author":[{"embeddable":true,"href":"https:\/\/linitiative.ca\/International\/wp-json\/wp\/v2\/users\/1965"}],"replies":[{"embeddable":true,"href":"https:\/\/linitiative.ca\/International\/wp-json\/wp\/v2\/comments?post=109553"}],"version-history":[{"count":0,"href":"https:\/\/linitiative.ca\/International\/wp-json\/wp\/v2\/posts\/109553\/revisions"}],"wp:attachment":[{"href":"https:\/\/linitiative.ca\/International\/wp-json\/wp\/v2\/media?parent=109553"}],"wp:term":[{"taxonomy":"category","embeddable":true,"href":"https:\/\/linitiative.ca\/International\/wp-json\/wp\/v2\/categories?post=109553"},{"taxonomy":"post_tag","embeddable":true,"href":"https:\/\/linitiative.ca\/International\/wp-json\/wp\/v2\/tags?post=109553"}],"curies":[{"name":"wp","href":"https:\/\/api.w.org\/{rel}","templated":true}]}}