{"id":109554,"date":"2021-01-18T18:04:23","date_gmt":"2021-01-18T23:04:23","guid":{"rendered":"https:\/\/linitiative.ca\/International\/crise-anglophone-le-ministre-atanga-nji-demande-aux-parents-de-denoncer-leurs-enfants-separatistes\/"},"modified":"2021-01-18T18:04:23","modified_gmt":"2021-01-18T23:04:23","slug":"crise-anglophone-le-ministre-atanga-nji-demande-aux-parents-de-denoncer-leurs-enfants-separatistes","status":"publish","type":"post","link":"https:\/\/linitiative.ca\/International\/crise-anglophone-le-ministre-atanga-nji-demande-aux-parents-de-denoncer-leurs-enfants-separatistes\/","title":{"rendered":"Crise anglophone : le ministre Atanga Nji demande aux parents de d\u00e9noncer leurs enfants s\u00e9paratistes"},"content":{"rendered":"<div readability=\"32\">\n<p>Publi\u00e9 le 19.01.2021 \u00e0 00h16 par JournalduCameroun.com<\/p>\n<\/div>\n<div readability=\"62\">\n<h2 class=\"c6\">Le ministre de l\u2019Administration territoriale s\u2019est montr\u00e9 agac\u00e9 face \u00e0 la complicit\u00e9 qui existe entre la population et les milices s\u00e9cessionnistes.<\/h2>\n<p class=\"c7\">Ce 18\u00a0janvier \u00e0 Bamenda, dans la r\u00e9gion du Nord-ouest, le <strong>ministre de l\u2019Administration territoriale<\/strong> a pr\u00e9sid\u00e9 une r\u00e9union de s\u00e9curit\u00e9 avec les responsables de l\u2019administration r\u00e9gionale et ceux de la s\u00e9curit\u00e9.<\/p>\n<p class=\"c7\">Au sortir de cette r\u00e9union, le ministre <strong>Paul Atanga Nji<\/strong> s\u2019est exprim\u00e9 sur la situation s\u00e9curitaire dans qui pr\u00e9vaut dans cette r\u00e9gion en particulier, notamment en ce qui concerne la collaboration de la population avec les combattants s\u00e9paratistes<em>. \u201cCette complicit\u00e9 a trop dur\u00e9. Nous devons cesser ce double jeu permanent\u201d<\/em>, a-t-il averti. <em>\u201cSi chaque parent appelle son enfant en lui disant \u00e0 son enfant que \u2018si vous ne sortez pas de la brousse, j\u2019irais vous d\u00e9noncer aupr\u00e8s des forces de d\u00e9fense et de s\u00e9curit\u00e9, d\u2019ici quelque temps, il n\u2019y aura personne en brousse\u201d,<\/em> a conseill\u00e9 le ministre Atanga Nji.<\/p>\n<p class=\"c7\">Il en a profit\u00e9 pour rappeler que l\u2019interdiction de circulation des motos-taxis reste valable. <em>\u201cLa circulation des motos-taxis reste interdite dans la ville de Bamenda parce que nous avons constat\u00e9 que les terroristes se sont servis de cette activit\u00e9-l\u00e0, pour perp\u00e9trer des actes ignobles\u201d,<\/em> a soulign\u00e9 le ministre.<\/p>\n<p class=\"c7\">\u00a0Depuis la fin\u00a02017, les r\u00e9gions du Nord-ouest et du Sud-ouest vivent les lundis au rythme des <em>\u201cvilles mortes\u201d<\/em> durant lesquelles toutes les activit\u00e9s sont interdites, sous peine de repr\u00e9sailles. L\u2019observance de ces villes mortes par la population agace les autorit\u00e9s qui menacent r\u00e9guli\u00e8rement ce qui respecte ce mot d\u2019ordre de protestation.<\/p>\n<\/div>\n<p>Auteur: Ludovic Amara<br \/>\n<a href=\"https:\/\/www.journalducameroun.com\/crise-anglophone-le-ministre-atanga-nji-demande-aux-parents-de-denoncer-leurs-enfants-separatistes-cameroun\/\">Cliquez ici pour lire l&rsquo;article depuis sa source.<\/a><\/p>\n","protected":false},"excerpt":{"rendered":"<p>Publi\u00e9 le 19.01.2021 \u00e0 00h16 par JournalduCameroun.com Le ministre de l\u2019Administration territoriale s\u2019est montr\u00e9 agac\u00e9 face \u00e0 la complicit\u00e9 qui existe entre la population et les milices s\u00e9cessionnistes. Ce 18\u00a0janvier \u00e0 Bamenda, dans la r\u00e9gion du Nord-ouest, le ministre de l\u2019Administration territoriale a pr\u00e9sid\u00e9 une r\u00e9union de s\u00e9curit\u00e9 avec les responsables de l\u2019administration r\u00e9gionale et [&hellip;]<\/p>\n","protected":false},"author":1965,"featured_media":0,"comment_status":"closed","ping_status":"closed","sticky":false,"template":"","format":"standard","meta":{"fifu_image_url":"","fifu_image_alt":"","footnotes":""},"categories":[73,82],"tags":[],"class_list":["post-109554","post","type-post","status-publish","format-standard","hentry","category-actualite","category-cameroun"],"_links":{"self":[{"href":"https:\/\/linitiative.ca\/International\/wp-json\/wp\/v2\/posts\/109554","targetHints":{"allow":["GET"]}}],"collection":[{"href":"https:\/\/linitiative.ca\/International\/wp-json\/wp\/v2\/posts"}],"about":[{"href":"https:\/\/linitiative.ca\/International\/wp-json\/wp\/v2\/types\/post"}],"author":[{"embeddable":true,"href":"https:\/\/linitiative.ca\/International\/wp-json\/wp\/v2\/users\/1965"}],"replies":[{"embeddable":true,"href":"https:\/\/linitiative.ca\/International\/wp-json\/wp\/v2\/comments?post=109554"}],"version-history":[{"count":0,"href":"https:\/\/linitiative.ca\/International\/wp-json\/wp\/v2\/posts\/109554\/revisions"}],"wp:attachment":[{"href":"https:\/\/linitiative.ca\/International\/wp-json\/wp\/v2\/media?parent=109554"}],"wp:term":[{"taxonomy":"category","embeddable":true,"href":"https:\/\/linitiative.ca\/International\/wp-json\/wp\/v2\/categories?post=109554"},{"taxonomy":"post_tag","embeddable":true,"href":"https:\/\/linitiative.ca\/International\/wp-json\/wp\/v2\/tags?post=109554"}],"curies":[{"name":"wp","href":"https:\/\/api.w.org\/{rel}","templated":true}]}}