{"id":109555,"date":"2021-01-18T18:04:28","date_gmt":"2021-01-18T23:04:28","guid":{"rendered":"https:\/\/linitiative.ca\/International\/la-chefferie-traditionnelle-ivoirienne-mise-en-mission-pour-des-legislatives-apaisees\/"},"modified":"2021-01-18T18:04:28","modified_gmt":"2021-01-18T23:04:28","slug":"la-chefferie-traditionnelle-ivoirienne-mise-en-mission-pour-des-legislatives-apaisees","status":"publish","type":"post","link":"https:\/\/linitiative.ca\/International\/la-chefferie-traditionnelle-ivoirienne-mise-en-mission-pour-des-legislatives-apaisees\/","title":{"rendered":"La chefferie traditionnelle ivoirienne mise en mission pour des l\u00e9gislatives apais\u00e9es"},"content":{"rendered":"<div readability=\"32\">\n<p>Publi\u00e9 le 19.01.2021 \u00e0 00h18 par APA News<\/p>\n<\/div>\n<div readability=\"89\">\n<p>La ministre ivoirienne de la Solidarit\u00e9, de la coh\u00e9sion sociale et de la lutte contre la pauvret\u00e9, Mariatou Kon\u00e9, a mis lundi en mission la chefferie traditionnelle afin de contribuer \u00e0 des \u00e9lections l\u00e9gislatives apais\u00e9es, fix\u00e9es le 6 mars 2021.<\/p>\n<p>Mme Mariatou Kon\u00e9 a lanc\u00e9 cet appel \u00e0 l\u2019occasion d\u2019une rencontre avec des chefs traditionnels issus de plusieurs r\u00e9gions du pays ayant b\u00e9n\u00e9fici\u00e9 de la construction des centres multiethniques de m\u00e9diation et d\u2019arbitrage d\u00e9nomm\u00e9s \u00ab Maison des Chefs \u00bb.\u00a0<\/p>\n<p>La rencontre s\u2019est tenue dans la salle de conf\u00e9rence du minist\u00e8re en charge de la coh\u00e9sion sociale, o\u00f9 Mme Mariatou Kon\u00e9 a invit\u00e9 les chefs traditionnels \u00e0 \u00ab\u00a0\u0153uvrer davantage pour la consolidation de la paix et le renforcement de la coh\u00e9sion sociale\u00a0\u00bb.\u00a0<\/p>\n<p>Cet \u00e9change qui intervient en pr\u00e9lude aux \u00e9lections l\u00e9gislatives, a pour but d\u2019exhorter ces acteurs sociaux \u00e0 redoubler d\u2019efforts via des actions pour que les l\u00e9gislatives se d\u00e9roulent dans un climat apais\u00e9.<\/p>\n<p>Elle a r\u00e9it\u00e9r\u00e9 \u00e0 ses h\u00f4tes , la volont\u00e9 du pr\u00e9sident de la R\u00e9publique , Alassane Ouattara de faire de la C\u00f4te d\u2019Ivoire , un \u00ab\u00a0havre de paix propice au d\u00e9veloppement et \u00e0 la prosp\u00e9rit\u00e9\u00a0\u00bb.\u00a0<\/p>\n<p>Pour mener \u00e0 bien cette mission, la ministre a remis \u00e0 ces chefs traditionnels des kits comprenant entre autres des manuels de formation sur la culture de la paix, la coh\u00e9sion sociale, la pr\u00e9vention et la gestion pacifique des conflits.<\/p>\n<p>Les t\u00eates couronn\u00e9es ont, par la voix de leurs diff\u00e9rents portes paroles, Yagba Dogbo, chef du canton de Boguedia (Issia), Pierre Gb\u00e9ada, chef de la tribu centrale de Zouan Hounien , et Tenan Kon\u00e9 \u00a0chef du canton central de Boundiali , exprim\u00e9 leur gratitude \u00a0au chef de l\u2019Etat et \u00e0 la ministre Mariatou Kon\u00e9. \u00a0<\/p>\n<p>Ils ont en outre salu\u00e9 les initiatives de la ministre de la Solidarit\u00e9, de la coh\u00e9sion sociale et de la lutte contre la pauvret\u00e9 en faveur de la chefferie traditionnelle notamment la construction et l\u2019\u00e9quipement de 22 centres multiethniques de m\u00e9diation et d\u2019arbitrage dans plusieurs r\u00e9gions du pays.<\/p>\n<p>L\u2019ensemble des chefs traditionnels s\u2019est engag\u00e9 \u00e0 poursuivre les actions de sensibilisation au sein de leurs communaut\u00e9s pour \u00ab\u00a0une C\u00f4te d\u2019Ivoire plus paisible, plus coh\u00e9sive et plus fraternelle\u00a0\u00bb.<\/p>\n<\/div>\n<p>Auteur: APA News<br \/>\n<a href=\"https:\/\/www.journalducameroun.com\/la-chefferie-traditionnelle-ivoirienne-mise-en-mission-pour-des-legislatives-apaisees\/\">Cliquez ici pour lire l&rsquo;article depuis sa source.<\/a><\/p>\n","protected":false},"excerpt":{"rendered":"<p>Publi\u00e9 le 19.01.2021 \u00e0 00h18 par APA News La ministre ivoirienne de la Solidarit\u00e9, de la coh\u00e9sion sociale et de la lutte contre la pauvret\u00e9, Mariatou Kon\u00e9, a mis lundi en mission la chefferie traditionnelle afin de contribuer \u00e0 des \u00e9lections l\u00e9gislatives apais\u00e9es, fix\u00e9es le 6 mars 2021. Mme Mariatou Kon\u00e9 a lanc\u00e9 cet appel [&hellip;]<\/p>\n","protected":false},"author":1965,"featured_media":0,"comment_status":"closed","ping_status":"closed","sticky":false,"template":"","format":"standard","meta":{"fifu_image_url":"","fifu_image_alt":"","footnotes":""},"categories":[73,82],"tags":[],"class_list":["post-109555","post","type-post","status-publish","format-standard","hentry","category-actualite","category-cameroun"],"_links":{"self":[{"href":"https:\/\/linitiative.ca\/International\/wp-json\/wp\/v2\/posts\/109555","targetHints":{"allow":["GET"]}}],"collection":[{"href":"https:\/\/linitiative.ca\/International\/wp-json\/wp\/v2\/posts"}],"about":[{"href":"https:\/\/linitiative.ca\/International\/wp-json\/wp\/v2\/types\/post"}],"author":[{"embeddable":true,"href":"https:\/\/linitiative.ca\/International\/wp-json\/wp\/v2\/users\/1965"}],"replies":[{"embeddable":true,"href":"https:\/\/linitiative.ca\/International\/wp-json\/wp\/v2\/comments?post=109555"}],"version-history":[{"count":0,"href":"https:\/\/linitiative.ca\/International\/wp-json\/wp\/v2\/posts\/109555\/revisions"}],"wp:attachment":[{"href":"https:\/\/linitiative.ca\/International\/wp-json\/wp\/v2\/media?parent=109555"}],"wp:term":[{"taxonomy":"category","embeddable":true,"href":"https:\/\/linitiative.ca\/International\/wp-json\/wp\/v2\/categories?post=109555"},{"taxonomy":"post_tag","embeddable":true,"href":"https:\/\/linitiative.ca\/International\/wp-json\/wp\/v2\/tags?post=109555"}],"curies":[{"name":"wp","href":"https:\/\/api.w.org\/{rel}","templated":true}]}}