{"id":109559,"date":"2021-01-18T10:43:33","date_gmt":"2021-01-18T15:43:33","guid":{"rendered":"https:\/\/linitiative.ca\/International\/ordre-national-des-pharmaciens-franck-nana-prend-les-commandes\/"},"modified":"2021-01-18T10:43:33","modified_gmt":"2021-01-18T15:43:33","slug":"ordre-national-des-pharmaciens-franck-nana-prend-les-commandes","status":"publish","type":"post","link":"https:\/\/linitiative.ca\/International\/ordre-national-des-pharmaciens-franck-nana-prend-les-commandes\/","title":{"rendered":"Ordre national des pharmaciens : Franck Nana prend les Commandes"},"content":{"rendered":"<p>Pour succ\u00e9der au Pr. Prosper Hiag, le Pr\u00e9sident sortant du Conseil national de l\u2019ordre des pharmaciens du Cameroun, neuf candidatures ont \u00e9t\u00e9 enregistr\u00e9es. Au final, le Dr. Franck Nana a \u00e9t\u00e9 \u00e9lu au poste tant convoit\u00e9, apr\u00e8s moult atermoiements.\u00a0Pr\u00e9vue statutairement pour le 28 ao\u00fbt 2020, l\u2019Assembl\u00e9e g\u00e9n\u00e9rale ordinaire et \u00e9lective de l\u2019ordre national des pharmaciens du Cameroun aura en effet connu plusieurs rebondissements. Suite \u00e0 une bataille sans merci entre deux factions intestines: l\u2019une soutenue par le Pr. Prosper Hiag\u00a0(compos\u00e9e \u00a0entre autres des\u00a0Dr. Christophe Ampoan, le vice-pr\u00e9sident, et le Dr. Paulette Yissibi, la secr\u00e9taire g\u00e9n\u00e9rale), le Pr\u00e9sident sortant du CNOPC arriv\u00e9 en fin de mandat en 2018, et l\u2019autre par ses challengers (Dr. Samson Mauricet Ndombo Koki, le Dr. Franck Sambou, le Dr. Edgard Eteme Ndongo, et le Dr. Thomas Lapnet Moustapha etc.) Les interventions sporadiques du Minist\u00e8re de la sant\u00e9 ont davantage compliqu\u00e9 le processus.\u00a0<\/p>\n<p><strong>Lire aussi<\/strong> : <a href=\"https:\/\/ecomatin.net\/ordre-national-des-pharmaciens-divisions-larvees-au-sein-du-conseil\/\">Ordre national des pharmaciens : divisions larv\u00e9es au sein du Conseil\u00a0<\/a><\/p>\n<p>Franck Nana sera assist\u00e9, entre autres, dans sa mission par le Dr. Issa Hamadjoda, comme vice-Pr\u00e9sident, le Dr. Thomas Lapnet, au poste de Secr\u00e9taire g\u00e9n\u00e9ral et du Dr. H\u00e9l\u00e8ne Som, qui devient la Tr\u00e9sori\u00e8re de cette organisation.\u00a0\u00abLa r\u00e9conciliation avec la tutelle, sous le signe du rassemblement de tous les pharmaciens pour un but commun: la sant\u00e9 des populations du Cameroun. Nous voulons dire aujourd\u2019hui aux populations, les pharmaciens sont \u00e0 vos c\u00f4t\u00e9s, ils vont participer \u00e0 l\u2019\u00e9ducation pharmaceutique et sanitaire, participer \u00e0 la lutte contre la vente illicite et l\u2019exercice ill\u00e9gale de la pharmacie au Cameroun. Mais surtout et avant tout, dire \u00e0 tous nos confr\u00e8res que c\u2019est tous ensemble que nous allons aller vers de nouveaux horizons\u00bb, a confi\u00e9 le Dr. Franck Nana.\u00a0<\/p>\n<p><strong>Lire aussi<\/strong> : <a href=\"https:\/\/ecomatin.net\/372-milliards-de-fcfa-de-produits-pharmaceutiques-importes-entre-2015-et-2019\/\">372 milliards de FCFA de produits pharmaceutiques import\u00e9s entre 2015 et 2019<\/a><\/p>\n<p>Les enjeux sont de toute \u00e9vidence nombreux dans ce secteur n\u00e9vralgique du syst\u00e8me de sant\u00e9 camerounais: lutte contre les faux m\u00e9dicaments, campagne contre la contrebande pharmaceutique, gestion des importations de m\u00e9dicaments, assainissement de la profession, sensibilisation sur le respect de l\u2019\u00e9thique et de la d\u00e9ontologie, promotion de l\u2019industrie pharmaceutique locale, participation \u00e0 la mise en \u0153uvre annonc\u00e9e de la Couverture sant\u00e9 universelle \u00a0(CSU) etc\u2026..D\u2019apr\u00e8s des chiffres du Ministre du commerce, le Cameroun a import\u00e9 entre 2015 et 2017, 372 milliards de FCFA de produits pharmaceutiques. Mais plus de 40% du march\u00e9 des m\u00e9dicaments \u00e9chapperait au circuit officiel. Rappelons que les travaux \u00e9taient pr\u00e9sid\u00e9s par le Pr. Louis Richard Ndjock, le Secr\u00e9taire g\u00e9n\u00e9ral du Minist\u00e8re de la sant\u00e9. Qui se r\u00e9jouira de la \u00abfin de la crise et de l\u2019impasse \u00bb.\u00a0Tout en appelant au respect de l\u2019\u00e9thique et de la d\u00e9ontologie professionnelle, le repr\u00e9sentant du Ministre de la sant\u00e9 a pr\u00e9venu: \u00ab\u00a0l\u2019Ordre des Pharmaciens ne doit pas \u00eatre confondu \u00e0 un syndicat\u00a0\u00bb. L\u2019Ordre national des pharmaciens du Cameroun dispose de plus de 2000 membres r\u00e9partis dans les 10 r\u00e9gions du Cameroun.<\/p>\n<p>Auteur: Georges Semey<br \/>\n<a href=\"https:\/\/ecomatin.net\/ordre-national-des-pharmaciens-franck-nana-prend-les-commandes\/\">Cliquez ici pour lire l&rsquo;article depuis sa source.<\/a><\/p>\n","protected":false},"excerpt":{"rendered":"<p>Pour succ\u00e9der au Pr. Prosper Hiag, le Pr\u00e9sident sortant du Conseil national de l\u2019ordre des pharmaciens du Cameroun, neuf candidatures ont \u00e9t\u00e9 enregistr\u00e9es. Au final, le Dr. Franck Nana a \u00e9t\u00e9 \u00e9lu au poste tant convoit\u00e9, apr\u00e8s moult atermoiements.\u00a0Pr\u00e9vue statutairement pour le 28 ao\u00fbt 2020, l\u2019Assembl\u00e9e g\u00e9n\u00e9rale ordinaire et \u00e9lective de l\u2019ordre national des pharmaciens [&hellip;]<\/p>\n","protected":false},"author":1969,"featured_media":0,"comment_status":"closed","ping_status":"closed","sticky":false,"template":"","format":"standard","meta":{"fifu_image_url":"","fifu_image_alt":"","footnotes":""},"categories":[82,78],"tags":[],"class_list":["post-109559","post","type-post","status-publish","format-standard","hentry","category-cameroun","category-economie"],"_links":{"self":[{"href":"https:\/\/linitiative.ca\/International\/wp-json\/wp\/v2\/posts\/109559","targetHints":{"allow":["GET"]}}],"collection":[{"href":"https:\/\/linitiative.ca\/International\/wp-json\/wp\/v2\/posts"}],"about":[{"href":"https:\/\/linitiative.ca\/International\/wp-json\/wp\/v2\/types\/post"}],"author":[{"embeddable":true,"href":"https:\/\/linitiative.ca\/International\/wp-json\/wp\/v2\/users\/1969"}],"replies":[{"embeddable":true,"href":"https:\/\/linitiative.ca\/International\/wp-json\/wp\/v2\/comments?post=109559"}],"version-history":[{"count":0,"href":"https:\/\/linitiative.ca\/International\/wp-json\/wp\/v2\/posts\/109559\/revisions"}],"wp:attachment":[{"href":"https:\/\/linitiative.ca\/International\/wp-json\/wp\/v2\/media?parent=109559"}],"wp:term":[{"taxonomy":"category","embeddable":true,"href":"https:\/\/linitiative.ca\/International\/wp-json\/wp\/v2\/categories?post=109559"},{"taxonomy":"post_tag","embeddable":true,"href":"https:\/\/linitiative.ca\/International\/wp-json\/wp\/v2\/tags?post=109559"}],"curies":[{"name":"wp","href":"https:\/\/api.w.org\/{rel}","templated":true}]}}