{"id":109562,"date":"2021-01-19T08:43:58","date_gmt":"2021-01-19T13:43:58","guid":{"rendered":"https:\/\/linitiative.ca\/International\/deux-meres-de-famille-et-un-jeune-homme-se-donnent-la-mort\/"},"modified":"2021-01-19T08:43:58","modified_gmt":"2021-01-19T13:43:58","slug":"deux-meres-de-famille-et-un-jeune-homme-se-donnent-la-mort","status":"publish","type":"post","link":"https:\/\/linitiative.ca\/International\/deux-meres-de-famille-et-un-jeune-homme-se-donnent-la-mort\/","title":{"rendered":"Deux m\u00e8res de famille et un  jeune homme se donnent la mort"},"content":{"rendered":"<p><img decoding=\"async\" class=\"post_layout_5_img\" src=\"http:\/\/aujourdhui.ma\/wp-content\/uploads\/2017\/08\/femme-se-suicide-au-raticide-1.jpg\" alt=\"Deux m&#xE8;res de famille et un jeune homme se donnent la mort\"\/><\/p>\n<p><span class=\"c5\"><strong>Tentant de se donner la mort, samedi dernier, au quartier Hassan II, \u00e0 Agadir, en essayant de se jeter depuis la fen\u00eatre d\u2019un appartement, une jeune fille a renonc\u00e9 \u00e0 se suicider suite \u00e0 l\u2019intervention des badauds.<\/strong><\/span><span id=\"more-365933\"\/><\/p>\n<p>En effet, l\u2019enqu\u00eate polici\u00e8re a r\u00e9v\u00e9l\u00e9 que la jeune fille est une prostitu\u00e9e qui passait une soir\u00e9e bien arros\u00e9e en compagnie d\u2019un ressortissant originaire d\u2019un pays du Golfe. Une enqu\u00eate a \u00e9t\u00e9 diligent\u00e9e pour d\u00e9terminer les causes de cette tentative de suicide. Une m\u00e8re de famille, \u00e2g\u00e9e de dix-huit ans, est, elle, bel et bien pass\u00e9e \u00e0 l\u2019acte, jeudi dernier, chez elle, au quartier Berraka, \u00e0 Nador, en ingurgitant du raticide.<\/p>\n<p>Mari\u00e9e depuis deux ans, elle \u00e9tait souvent violent\u00e9e par son mari qui ne lui a plus laiss\u00e9 l\u2019envie de vivre. C\u2019est du moins ce qui a \u00e9t\u00e9 racont\u00e9 par sa famille aux enqu\u00eateurs. La veille, mercredi 13 janvier, une m\u00e8re de trois enfants a mis fin \u00e0 ses jours, chez elle, \u00e0 El Gara, province de Berrechid, en avalant une grande quantit\u00e9 de m\u00e9dicaments. Un troisi\u00e8me cas de suicide a eu lieu le m\u00eame jour, \u00e0 Sebt El Gardane, province de Taroudant. Il s\u2019agit d\u2019un jeune, la vingtaine, qui a mis fin \u00e0 sa vie par pendaison.<\/p>\n<p>Auteur: Abderrafii ALOUMLIKI<br \/>\n<a href=\"https:\/\/aujourdhui.ma\/faits-divers\/deux-meres-de-famille-et-un-jeune-homme-se-donnent-la-mort\">Cliquez ici pour lire l&rsquo;article depuis sa source.<\/a><\/p>\n","protected":false},"excerpt":{"rendered":"<p>Tentant de se donner la mort, samedi dernier, au quartier Hassan II, \u00e0 Agadir, en essayant de se jeter depuis la fen\u00eatre d\u2019un appartement, une jeune fille a renonc\u00e9 \u00e0 se suicider suite \u00e0 l\u2019intervention des badauds. En effet, l\u2019enqu\u00eate polici\u00e8re a r\u00e9v\u00e9l\u00e9 que la jeune fille est une prostitu\u00e9e qui passait une soir\u00e9e bien [&hellip;]<\/p>\n","protected":false},"author":1759,"featured_media":0,"comment_status":"closed","ping_status":"closed","sticky":false,"template":"","format":"standard","meta":{"fifu_image_url":"http:\/\/aujourdhui.ma\/wp-content\/uploads\/2017\/08\/femme-se-suicide-au-raticide-1.jpg","fifu_image_alt":"Deux m\u00e8res de famille et un  jeune homme se donnent la mort","footnotes":""},"categories":[73,54],"tags":[],"class_list":["post-109562","post","type-post","status-publish","format-standard","hentry","category-actualite","category-maroc"],"_links":{"self":[{"href":"https:\/\/linitiative.ca\/International\/wp-json\/wp\/v2\/posts\/109562","targetHints":{"allow":["GET"]}}],"collection":[{"href":"https:\/\/linitiative.ca\/International\/wp-json\/wp\/v2\/posts"}],"about":[{"href":"https:\/\/linitiative.ca\/International\/wp-json\/wp\/v2\/types\/post"}],"author":[{"embeddable":true,"href":"https:\/\/linitiative.ca\/International\/wp-json\/wp\/v2\/users\/1759"}],"replies":[{"embeddable":true,"href":"https:\/\/linitiative.ca\/International\/wp-json\/wp\/v2\/comments?post=109562"}],"version-history":[{"count":0,"href":"https:\/\/linitiative.ca\/International\/wp-json\/wp\/v2\/posts\/109562\/revisions"}],"wp:attachment":[{"href":"https:\/\/linitiative.ca\/International\/wp-json\/wp\/v2\/media?parent=109562"}],"wp:term":[{"taxonomy":"category","embeddable":true,"href":"https:\/\/linitiative.ca\/International\/wp-json\/wp\/v2\/categories?post=109562"},{"taxonomy":"post_tag","embeddable":true,"href":"https:\/\/linitiative.ca\/International\/wp-json\/wp\/v2\/tags?post=109562"}],"curies":[{"name":"wp","href":"https:\/\/api.w.org\/{rel}","templated":true}]}}