{"id":109563,"date":"2021-01-19T09:33:55","date_gmt":"2021-01-19T14:33:55","guid":{"rendered":"https:\/\/linitiative.ca\/International\/studifo-concert-virtuel-entre-cheikh-brahmi-et-snitra\/"},"modified":"2021-01-19T09:33:55","modified_gmt":"2021-01-19T14:33:55","slug":"studifo-concert-virtuel-entre-cheikh-brahmi-et-snitra","status":"publish","type":"post","link":"https:\/\/linitiative.ca\/International\/studifo-concert-virtuel-entre-cheikh-brahmi-et-snitra\/","title":{"rendered":"Stud\u2019IFO : Concert virtuel entre Cheikh Brahmi et Snitra"},"content":{"rendered":"<header>\n<div class=\"entry-post-meta\">\n<div class=\"author-link\">Publi\u00e9 par <a itemprop=\"author\" itemscope=\"\" itemtype=\"https:\/\/schema.org\/Person\" href=\"https:\/\/aujourdhui.ma\/author\/blio\" rel=\"author\"><span itemprop=\"name\">ALM<\/span><\/a><\/div>\n<p>Date\u00a0:<time content=\"2021-01-19T15:33:55+01:00\" class=\"entry-date updated\" datetime=\"2021-01-19T15:33:55+01:00\">janvier 19, 2021<\/time><\/p>\n<div class=\"entry-cat\">dans:<a href=\"https:\/\/aujourdhui.ma\/category\/culture\" rel=\"category tag\">Culture<\/a><\/div>\n<p>24Vues<\/p>\n<\/div>\n<\/header>\n<div class=\"entry-content clearfix\" readability=\"51\"><img decoding=\"async\" class=\"post_layout_5_img\" src=\"http:\/\/aujourdhui.ma\/wp-content\/uploads\/2021\/01\/StudIFO-Concert-virtuel-entre-Cheikh-Brahmi-et-Snitra.jpg\" alt=\"Stud&#x2019;IFO : Concert virtuel entre Cheikh Brahmi et Snitra\"\/><\/p>\n<p><span class=\"c5\"><strong>L\u2019Institut Fran\u00e7ais d\u2019Oujda lance Stud\u2019IFO, un format pour valoriser et soutenir la cr\u00e9ation musicale de l\u2019Oriental.<\/strong><\/span><span id=\"more-365926\"\/><\/p>\n<p>Selon les organisateurs, le 21 de chaque mois \u00e0 21 heures et jusqu\u2019au 21 juin, jour de la f\u00eate de la musique, un concert priv\u00e9 est offert sur les r\u00e9seaux sociaux. La premi\u00e8re \u00e9dition a connu un beau succ\u00e8s avec le groupe Snitra, pour le num\u00e9ro \u00e0 venir, ce m\u00eame groupe sera en fusion avec Cheikh Brahmi, groupe de Reggada d\u2019Oujda, mettant \u00e0 l\u2019honneur le patrimoine artistique traditionnel local. Le concert virtuel sera une cr\u00e9ation originale, sc\u00e9naris\u00e9e avec une vis\u00e9e artistique pour emmener le spectateur en voyage musical in\u00e9dit conjuguant tradition et modernit\u00e9. Le mois prochain, seront au rendez-vous des artistes interpr\u00e9tant la musique Gharnati, et le mois de mars un hommage sera rendu \u00e0 la chanson fran\u00e7aise dans le cadre du mois de la francophonie. Une restitution de toutes les \u00e9ditions pass\u00e9es sera donn\u00e9e le 21 juin prochain pour c\u00e9l\u00e9brer la f\u00eate de la musique. Pour rappel, le Stud\u2019IFO est organis\u00e9 en partenariat avec l\u2019Agence de l\u2019Oriental, Max Team Production et Snitra.<\/p>\n<\/div>\n<p>Auteur: ALM<br \/>\n<a href=\"https:\/\/aujourdhui.ma\/culture\/studifo-concert-virtuel-entre-cheikh-brahmi-et-snitra\">Cliquez ici pour lire l&rsquo;article depuis sa source.<\/a><\/p>\n","protected":false},"excerpt":{"rendered":"<p>Publi\u00e9 par ALM Date\u00a0:janvier 19, 2021 dans:Culture 24Vues L\u2019Institut Fran\u00e7ais d\u2019Oujda lance Stud\u2019IFO, un format pour valoriser et soutenir la cr\u00e9ation musicale de l\u2019Oriental. Selon les organisateurs, le 21 de chaque mois \u00e0 21 heures et jusqu\u2019au 21 juin, jour de la f\u00eate de la musique, un concert priv\u00e9 est offert sur les r\u00e9seaux sociaux. [&hellip;]<\/p>\n","protected":false},"author":1759,"featured_media":0,"comment_status":"closed","ping_status":"closed","sticky":false,"template":"","format":"standard","meta":{"fifu_image_url":"http:\/\/aujourdhui.ma\/wp-content\/uploads\/2021\/01\/StudIFO-Concert-virtuel-entre-Cheikh-Brahmi-et-Snitra.jpg","fifu_image_alt":"Stud\u2019IFO : Concert virtuel entre Cheikh Brahmi et Snitra","footnotes":""},"categories":[73,54],"tags":[],"class_list":["post-109563","post","type-post","status-publish","format-standard","hentry","category-actualite","category-maroc"],"_links":{"self":[{"href":"https:\/\/linitiative.ca\/International\/wp-json\/wp\/v2\/posts\/109563","targetHints":{"allow":["GET"]}}],"collection":[{"href":"https:\/\/linitiative.ca\/International\/wp-json\/wp\/v2\/posts"}],"about":[{"href":"https:\/\/linitiative.ca\/International\/wp-json\/wp\/v2\/types\/post"}],"author":[{"embeddable":true,"href":"https:\/\/linitiative.ca\/International\/wp-json\/wp\/v2\/users\/1759"}],"replies":[{"embeddable":true,"href":"https:\/\/linitiative.ca\/International\/wp-json\/wp\/v2\/comments?post=109563"}],"version-history":[{"count":0,"href":"https:\/\/linitiative.ca\/International\/wp-json\/wp\/v2\/posts\/109563\/revisions"}],"wp:attachment":[{"href":"https:\/\/linitiative.ca\/International\/wp-json\/wp\/v2\/media?parent=109563"}],"wp:term":[{"taxonomy":"category","embeddable":true,"href":"https:\/\/linitiative.ca\/International\/wp-json\/wp\/v2\/categories?post=109563"},{"taxonomy":"post_tag","embeddable":true,"href":"https:\/\/linitiative.ca\/International\/wp-json\/wp\/v2\/tags?post=109563"}],"curies":[{"name":"wp","href":"https:\/\/api.w.org\/{rel}","templated":true}]}}