{"id":109564,"date":"2021-01-19T10:04:08","date_gmt":"2021-01-19T15:04:08","guid":{"rendered":"https:\/\/linitiative.ca\/International\/marrakech-un-pedophile-et-trafiquant-de-drogue-recidiviste-epingle\/"},"modified":"2021-01-19T10:04:08","modified_gmt":"2021-01-19T15:04:08","slug":"marrakech-un-pedophile-et-trafiquant-de-drogue-recidiviste-epingle","status":"publish","type":"post","link":"https:\/\/linitiative.ca\/International\/marrakech-un-pedophile-et-trafiquant-de-drogue-recidiviste-epingle\/","title":{"rendered":"Marrakech : Un p\u00e9dophile et trafiquant de drogue r\u00e9cidiviste \u00e9pingl\u00e9"},"content":{"rendered":"<p><img decoding=\"async\" class=\"post_layout_5_img\" src=\"http:\/\/aujourdhui.ma\/wp-content\/uploads\/2019\/12\/Arrestation-Police-Menottes.jpg\" alt=\"Marrakech : Un p&#xE9;dophile et trafiquant de drogue r&#xE9;cidiviste &#xE9;pingl&#xE9;\"\/><\/p>\n<p><span class=\"c5\"><strong>Repris de justice pour trafic de drogue et p\u00e9dophilie, un p\u00e8re de famille de soixante-quatre ans vient d\u2019\u00eatre arr\u00eat\u00e9 par les \u00e9l\u00e9ments de la police judiciaire pr\u00e9fectorale de Marrakech et ce, pour les m\u00eames motifs.<\/strong><\/span> <span id=\"more-365929\"\/><\/p>\n<p>Sa victime, cette fois-ci, est un enfant de douze ans qui s\u2019est pr\u00e9sent\u00e9, en compagnie de sa m\u00e8re, devant les enqu\u00eateurs de la cit\u00e9 ocre pour porter plainte. En effet, les sommes d\u2019argent que cette m\u00e8re de famille trouvait, \u00e0 chaque fois, dans les poches de son fils lui ont mis la puce \u00e0 l\u2019oreille surtout qu\u2019elle ne lui donnait que rarement de l\u2019argent, 5 dirhams au plus et pas r\u00e9guli\u00e8rement. C\u2019est en toute logique qu\u2019elle lui demande sa provenance.<\/p>\n<p>Le martelant de questions, il finit par cracher le morceau. Il lui confie qu\u2019un homme abuse de lui contre une somme d\u2019argent. N\u2019en croyant pas ses oreilles, cette m\u00e8re de famille conduit illico presto son fils au commissariat de police. Une plainte est d\u00e9pos\u00e9e et une enqu\u00eate polici\u00e8re est diligent\u00e9e. Devant les enqu\u00eateurs, l\u2019enfant r\u00e9v\u00e8le l\u2019identit\u00e9 du p\u00e9dophile qui profitait de son corps depuis quelques semaines.<\/p>\n<p>Il s\u2019agit d\u2019un trafiquant de drogue, sexag\u00e9naire, qui a purg\u00e9 plusieurs peines d\u2019emprisonnement pour les m\u00eames motifs, \u00e0 savoir attentat \u00e0 la pudeur sur des mineurs et trafic de drogue. Une descente sur son domicile a \u00e9t\u00e9 sold\u00e9e par son arrestation, la saisie d\u2019une quantit\u00e9 de haschich, trois couteaux par lesquels il coupait les plaques de haschich en morceaux et quatre smartphones.<\/p>\n<p>Cependant, s\u2019il a avou\u00e9 sans difficult\u00e9s \u00eatre un trafiquant de drogue, il a rejet\u00e9 en bloc avoir d\u00e9tourn\u00e9 ou abus\u00e9 de l\u2019enfant. Le mis en cause a \u00e9t\u00e9 traduit devant le parquet g\u00e9n\u00e9ral pr\u00e8s la Cour d\u2019appel de Marrakech.<\/p>\n<p>Auteur: Abderrafii ALOUMLIKI<br \/>\n<a href=\"https:\/\/aujourdhui.ma\/faits-divers\/marrakech-un-pedophile-et-trafiquant-de-drogue-recidiviste-epingle\">Cliquez ici pour lire l&rsquo;article depuis sa source.<\/a><\/p>\n","protected":false},"excerpt":{"rendered":"<p>Repris de justice pour trafic de drogue et p\u00e9dophilie, un p\u00e8re de famille de soixante-quatre ans vient d\u2019\u00eatre arr\u00eat\u00e9 par les \u00e9l\u00e9ments de la police judiciaire pr\u00e9fectorale de Marrakech et ce, pour les m\u00eames motifs. Sa victime, cette fois-ci, est un enfant de douze ans qui s\u2019est pr\u00e9sent\u00e9, en compagnie de sa m\u00e8re, devant les [&hellip;]<\/p>\n","protected":false},"author":1759,"featured_media":0,"comment_status":"closed","ping_status":"closed","sticky":false,"template":"","format":"standard","meta":{"fifu_image_url":"http:\/\/aujourdhui.ma\/wp-content\/uploads\/2019\/12\/Arrestation-Police-Menottes.jpg","fifu_image_alt":"Marrakech : Un p\u00e9dophile et trafiquant de drogue r\u00e9cidiviste \u00e9pingl\u00e9","footnotes":""},"categories":[73,54],"tags":[],"class_list":["post-109564","post","type-post","status-publish","format-standard","hentry","category-actualite","category-maroc"],"_links":{"self":[{"href":"https:\/\/linitiative.ca\/International\/wp-json\/wp\/v2\/posts\/109564","targetHints":{"allow":["GET"]}}],"collection":[{"href":"https:\/\/linitiative.ca\/International\/wp-json\/wp\/v2\/posts"}],"about":[{"href":"https:\/\/linitiative.ca\/International\/wp-json\/wp\/v2\/types\/post"}],"author":[{"embeddable":true,"href":"https:\/\/linitiative.ca\/International\/wp-json\/wp\/v2\/users\/1759"}],"replies":[{"embeddable":true,"href":"https:\/\/linitiative.ca\/International\/wp-json\/wp\/v2\/comments?post=109564"}],"version-history":[{"count":0,"href":"https:\/\/linitiative.ca\/International\/wp-json\/wp\/v2\/posts\/109564\/revisions"}],"wp:attachment":[{"href":"https:\/\/linitiative.ca\/International\/wp-json\/wp\/v2\/media?parent=109564"}],"wp:term":[{"taxonomy":"category","embeddable":true,"href":"https:\/\/linitiative.ca\/International\/wp-json\/wp\/v2\/categories?post=109564"},{"taxonomy":"post_tag","embeddable":true,"href":"https:\/\/linitiative.ca\/International\/wp-json\/wp\/v2\/tags?post=109564"}],"curies":[{"name":"wp","href":"https:\/\/api.w.org\/{rel}","templated":true}]}}