{"id":109567,"date":"2021-01-19T09:08:59","date_gmt":"2021-01-19T14:08:59","guid":{"rendered":"https:\/\/linitiative.ca\/International\/%ef%bb%bfnadal-dans-les-annales\/"},"modified":"2021-01-19T09:08:59","modified_gmt":"2021-01-19T14:08:59","slug":"%ef%bb%bfnadal-dans-les-annales","status":"publish","type":"post","link":"https:\/\/linitiative.ca\/International\/%ef%bb%bfnadal-dans-les-annales\/","title":{"rendered":"\ufeffNadal dans les annales"},"content":{"rendered":"<p class=\"c2\"><strong>Classement ATP<\/strong><\/p>\n<p><strong>L\u2019Espagnol Rafael Nadal a entam\u00e9 sa 800e semaine d\u2019affil\u00e9e dans le Top 10 de la hi\u00e9rarchie mondiale du tennis, selon le classement ATP publi\u00e9 lundi dernier.<\/strong><\/p>\n<p>\u00a0Nadal qui reste fort de ce record, occupe toujours la 2<sup>e<\/sup> place, derri\u00e8re le Serbe Novak Djokovic et devant l\u2019Autrichien Dominic Thiem. Nadal n\u2019a plus quitt\u00e9 le Top 10 mondial depuis qu\u2019il y est entr\u00e9 le 25 avril 2005, juste avant de remporter le premier de ses 13 Roland-Garros.<\/p>\n<p>\u00a0Il est le seul joueur de l\u2019histoire \u00e0 \u00eatre rest\u00e9 le plus longtemps dans le Top 10 sans en sortir, devant Jimmy Connors (789), Roger Federer (734), Ivan Lendl (619) et Pete Sampras (565).<\/p>\n<p>Dans le Top 10 du classement actuel ATP on trouve le Russe Daniil Medvedev en 4<sup>e<\/sup> place suivi du Suisse\u00a0 Roger Federer, des Germaniques Stefanos Tsitsipas et Alexander Zverev, du Russe Andrey Rublev, de l\u2019Argentin Diego Schwartzman et de l\u2019Italien Matteo Berrettini.<\/p>\n<p>Auteur: M&rsquo;hammed rahal<br \/>\n<a href=\"http:\/\/albayane.press.ma\/%EF%BB%BFnadal-dans-les-annales.html\">Cliquez ici pour lire l&rsquo;article depuis sa source.<\/a><\/p>\n","protected":false},"excerpt":{"rendered":"<p>Classement ATP L\u2019Espagnol Rafael Nadal a entam\u00e9 sa 800e semaine d\u2019affil\u00e9e dans le Top 10 de la hi\u00e9rarchie mondiale du tennis, selon le classement ATP publi\u00e9 lundi dernier. \u00a0Nadal qui reste fort de ce record, occupe toujours la 2e place, derri\u00e8re le Serbe Novak Djokovic et devant l\u2019Autrichien Dominic Thiem. Nadal n\u2019a plus quitt\u00e9 le [&hellip;]<\/p>\n","protected":false},"author":1760,"featured_media":0,"comment_status":"closed","ping_status":"closed","sticky":false,"template":"","format":"standard","meta":{"fifu_image_url":"","fifu_image_alt":"","footnotes":""},"categories":[73,54],"tags":[],"class_list":["post-109567","post","type-post","status-publish","format-standard","hentry","category-actualite","category-maroc"],"_links":{"self":[{"href":"https:\/\/linitiative.ca\/International\/wp-json\/wp\/v2\/posts\/109567","targetHints":{"allow":["GET"]}}],"collection":[{"href":"https:\/\/linitiative.ca\/International\/wp-json\/wp\/v2\/posts"}],"about":[{"href":"https:\/\/linitiative.ca\/International\/wp-json\/wp\/v2\/types\/post"}],"author":[{"embeddable":true,"href":"https:\/\/linitiative.ca\/International\/wp-json\/wp\/v2\/users\/1760"}],"replies":[{"embeddable":true,"href":"https:\/\/linitiative.ca\/International\/wp-json\/wp\/v2\/comments?post=109567"}],"version-history":[{"count":0,"href":"https:\/\/linitiative.ca\/International\/wp-json\/wp\/v2\/posts\/109567\/revisions"}],"wp:attachment":[{"href":"https:\/\/linitiative.ca\/International\/wp-json\/wp\/v2\/media?parent=109567"}],"wp:term":[{"taxonomy":"category","embeddable":true,"href":"https:\/\/linitiative.ca\/International\/wp-json\/wp\/v2\/categories?post=109567"},{"taxonomy":"post_tag","embeddable":true,"href":"https:\/\/linitiative.ca\/International\/wp-json\/wp\/v2\/tags?post=109567"}],"curies":[{"name":"wp","href":"https:\/\/api.w.org\/{rel}","templated":true}]}}