{"id":109568,"date":"2021-01-19T09:10:21","date_gmt":"2021-01-19T14:10:21","guid":{"rendered":"https:\/\/linitiative.ca\/International\/%ef%bb%bfitalie-ibrahimovic-le-king-de-milan\/"},"modified":"2021-01-19T09:10:21","modified_gmt":"2021-01-19T14:10:21","slug":"%ef%bb%bfitalie-ibrahimovic-le-king-de-milan","status":"publish","type":"post","link":"https:\/\/linitiative.ca\/International\/%ef%bb%bfitalie-ibrahimovic-le-king-de-milan\/","title":{"rendered":"\ufeffItalie: Ibrahimovic, le King de Milan"},"content":{"rendered":"<p class=\"c2\"><strong>Football europ\u00e9en<\/strong><\/p>\n<p><strong>Zlatan Ibrahimovic a c\u00e9l\u00e9br\u00e9 par un doubl\u00e9 contre Cagliari (2-0) sa premi\u00e8re titularisation en Serie A depuis pr\u00e8s de deux mois, permettant \u00e0 l\u2019AC Milan de reprendre trois points d\u2019avance en t\u00eate du championnat sur l\u2019Inter Milan en cl\u00f4ture de la 18e journ\u00e9e.<\/strong><\/p>\n<p>A Cagliari, le g\u00e9ant su\u00e9dois avait marqu\u00e9 le premier but de sa seconde vie en Rossonero, en janvier 2020. Un an plus tard, il s\u2019est offert un doubl\u00e9 (7e sur penalty, 52e), comme lors de son dernier match comme titulaire le 22 novembre \u00e0 Naples (3-1), rencontre qui avait aussi marqu\u00e9 le d\u00e9but de ses ennuis musculaires qui lui ont fait rater huit matches de championnat.<\/p>\n<p>Contrairement \u00e0 ce qu\u2019il avait laiss\u00e9 entendre d\u00e9but novembre apr\u00e8s avoir rat\u00e9 un penalty, \u00ab\u00a0Ibra\u00a0\u00bb n\u2019a pas vraiment l\u2019intention de laisser \u00e0 d\u2019autres ce type de buts. Ainsi, quand l\u2019arbitre lui en a offert l\u2019opportunit\u00e9 d\u2019entr\u00e9e de jeu en sanctionnant une \u00ab\u00a0poussette\u00a0\u00bb du d\u00e9fenseur sarde Charalampos Lykogiannis, le Su\u00e9dois s\u2019en est \u00e9videmment saisi (7e).<\/p>\n<p>S\u2019il court moins, le v\u00e9t\u00e9ran de 39 ans sait encore acc\u00e9l\u00e9rer: d\u00e9monstration sur la passe en profondeur de Davide Calabria synonyme de 2-0 (52e). D\u2019abord refus\u00e9 pour hors-jeu, ce 12e but de la saison de \u00ab\u00a0Ibra\u00a0\u00bb a \u00e9t\u00e9 valid\u00e9 apr\u00e8s intervention de la VAR.<\/p>\n<p>Malgr\u00e9 les absences importantes (Hernandez et Calhanoglu pour coronavirus, Bennacer pour blessure, Leao pour suspension) et l\u2019exclusion \u00e9vitable \u00e0 un quart d\u2019heure de la fin d\u2019Alexis Saelemaekers, les Milanais plut\u00f4t bien g\u00e9r\u00e9 leur soir\u00e9e face \u00e0 une \u00e9quipe en panne de confiance (17e, cinqui\u00e8me d\u00e9faite cons\u00e9cutive).<\/p>\n<p>Avec ces trois points d\u2019avance, l\u2019AC Milan sera assur\u00e9e d\u2019\u00eatre championne d\u2019hiver en cas de nul lors de la derni\u00e8re journ\u00e9e des matches aller, samedi contre l\u2019Atalanta Bergame. Ce qui ne lui est plus arriv\u00e9 depuis la saison 2010-2011, qui est aussi celle du dernier titre de champion des Rossoneri.<\/p>\n<p>Si l\u2019objectif affich\u00e9 reste le Top 4 synonyme d\u2019un retour en Ligue des champions, l\u2019AC Milan para\u00eet de moins en moins d\u00e9cid\u00e9e \u00e0 abandonner cette premi\u00e8re place. Un signe suppl\u00e9mentaire de cette ambition retrouv\u00e9e: la signature attendue mardi de l\u2019ex-attaquant de la Juventus et du Bayern Munich Mario Mandzukic. Le Croate doit s\u2019engager jusqu\u2019\u00e0 la fin de la saison, selon la presse italienne.<\/p>\n<p>\u00ab\u00a0Une arme en plus\u00a0\u00bb, pour faire face \u00e0 la concentration des matches de cette saison particuli\u00e8re, s\u2019est d\u00e9j\u00e0 r\u00e9joui l\u2019entra\u00eeneur milanais Stefano Pioli, tout en pr\u00e9venant qu\u2019il faudra sans doute un peu de temps pour que le joueur de 34 ans, sans club depuis l\u2019\u00e9t\u00e9, retrouve la forme.<\/p>\n<p>\u00ab\u00a0Ibra\u00a0\u00bb n\u2019est pas moins ravi: \u00ab\u00a0Nous serons deux \u00e0 faire peur aux adversaires!\u00a0\u00bb, a lanc\u00e9 le Su\u00e9dois, conscient que \u00ab\u00a0maintenant commencent les matches les plus difficiles, le programme qui nous attend est dur, avec plus de joueurs, l\u2019entra\u00eeneur va pouvoir faire tourner\u00a0\u00bb.<\/p>\n<p>Auteur: M&rsquo;hammed rahal<br \/>\n<a href=\"http:\/\/albayane.press.ma\/%EF%BB%BFitalie-ibrahimovic-le-king-de-milan.html\">Cliquez ici pour lire l&rsquo;article depuis sa source.<\/a><\/p>\n","protected":false},"excerpt":{"rendered":"<p>Football europ\u00e9en Zlatan Ibrahimovic a c\u00e9l\u00e9br\u00e9 par un doubl\u00e9 contre Cagliari (2-0) sa premi\u00e8re titularisation en Serie A depuis pr\u00e8s de deux mois, permettant \u00e0 l\u2019AC Milan de reprendre trois points d\u2019avance en t\u00eate du championnat sur l\u2019Inter Milan en cl\u00f4ture de la 18e journ\u00e9e. A Cagliari, le g\u00e9ant su\u00e9dois avait marqu\u00e9 le premier but [&hellip;]<\/p>\n","protected":false},"author":1760,"featured_media":0,"comment_status":"closed","ping_status":"closed","sticky":false,"template":"","format":"standard","meta":{"fifu_image_url":"","fifu_image_alt":"","footnotes":""},"categories":[73,54],"tags":[],"class_list":["post-109568","post","type-post","status-publish","format-standard","hentry","category-actualite","category-maroc"],"_links":{"self":[{"href":"https:\/\/linitiative.ca\/International\/wp-json\/wp\/v2\/posts\/109568","targetHints":{"allow":["GET"]}}],"collection":[{"href":"https:\/\/linitiative.ca\/International\/wp-json\/wp\/v2\/posts"}],"about":[{"href":"https:\/\/linitiative.ca\/International\/wp-json\/wp\/v2\/types\/post"}],"author":[{"embeddable":true,"href":"https:\/\/linitiative.ca\/International\/wp-json\/wp\/v2\/users\/1760"}],"replies":[{"embeddable":true,"href":"https:\/\/linitiative.ca\/International\/wp-json\/wp\/v2\/comments?post=109568"}],"version-history":[{"count":0,"href":"https:\/\/linitiative.ca\/International\/wp-json\/wp\/v2\/posts\/109568\/revisions"}],"wp:attachment":[{"href":"https:\/\/linitiative.ca\/International\/wp-json\/wp\/v2\/media?parent=109568"}],"wp:term":[{"taxonomy":"category","embeddable":true,"href":"https:\/\/linitiative.ca\/International\/wp-json\/wp\/v2\/categories?post=109568"},{"taxonomy":"post_tag","embeddable":true,"href":"https:\/\/linitiative.ca\/International\/wp-json\/wp\/v2\/tags?post=109568"}],"curies":[{"name":"wp","href":"https:\/\/api.w.org\/{rel}","templated":true}]}}