{"id":109569,"date":"2021-01-19T09:11:45","date_gmt":"2021-01-19T14:11:45","guid":{"rendered":"https:\/\/linitiative.ca\/International\/quand-ozil-sinvite-a-une-conference-entre-ministres-turc-et-allemand\/"},"modified":"2021-01-19T09:11:45","modified_gmt":"2021-01-19T14:11:45","slug":"quand-ozil-sinvite-a-une-conference-entre-ministres-turc-et-allemand","status":"publish","type":"post","link":"https:\/\/linitiative.ca\/International\/quand-ozil-sinvite-a-une-conference-entre-ministres-turc-et-allemand\/","title":{"rendered":"Quand Ozil s\u2019invite \u00e0 une conf\u00e9rence entre ministres turc et allemand"},"content":{"rendered":"<p><strong>\u00ab\u00a0Ce sujet est plus sensible que celui de la vaccination\u00a0\u00bb. En visite \u00e0 Ankara lundi, le chef de la diplomatie allemande Heiko Maas n\u2019a pas pu \u00e9chapper aux questions sur le transfert vers un club d\u2019Istanbul du footballeur allemand Mesut \u00d6zil, dont la proximit\u00e9 avec le pr\u00e9sident turc lui a valu de violentes critiques en Allemagne.<\/strong><\/p>\n<p>\u00d6zil, milieu de terrain d\u2019Arsenal, a confirm\u00e9 dimanche qu\u2019il allait signer au club turc de Fenerbah\u00e7e apr\u00e8s plusieurs mois sans jouer chez les Gunners. Le joueur d\u2019origine turque avait \u00e9t\u00e9 critiqu\u00e9 de fa\u00e7on virulente en Allemagne apr\u00e8s avoir pos\u00e9 pour une photo avec le pr\u00e9sident turc Recep Tayyip Erdogan en 2018. D\u00e9non\u00e7ant des attaques \u00ab\u00a0racistes\u00a0\u00bb, \u00d6zil avait mis fin \u00e0 sa carri\u00e8re internationale apr\u00e8s la Coupe du monde la m\u00eame ann\u00e9e.<\/p>\n<p>M. Erdogan avait affich\u00e9 sa solidarit\u00e9 avec \u00d6zil apr\u00e8s son retrait de l\u2019\u00e9quipe nationale, jugeant \u00ab\u00a0inacceptable\u00a0\u00bb le \u00ab\u00a0racisme\u00a0\u00bb dont il aurait \u00e9t\u00e9 victime. En juin 2019, \u00d6zil a c\u00e9l\u00e9br\u00e9 son mariage \u00e0 Istanbul avec M. Erdogan comme t\u00e9moin.<\/p>\n<p>Pri\u00e9 de commenter ce transfert lors d\u2019une conf\u00e9rence de presse \u00e0 Ankara avec son homologue turc Mevlut Cavusoglu, M. Maas a estim\u00e9 sur le ton de la plaisanterie que ce sujet \u00e9tait \u00ab\u00a0plus sensible que celui de la vaccination\u00a0\u00bb contre le Covid-19. \u00ab\u00a0Je sais que les fans de football en Turquie sont tr\u00e8s passionn\u00e9s\u00a0\u00bb.<\/p>\n<p>\u00ab\u00a0Mesut \u00d6zil a connu une grande r\u00e9ussite avec l\u2019\u00e9quipe nationale allemande. S\u2019il joue en Turquie, j\u2019aimerais qu\u2019il r\u00e9ussisse aussi et j\u2019esp\u00e8re qu\u2019il sera heureux \u00e0 Istanbul\u00a0\u00bb, a-t-il ajout\u00e9. \u00ab\u00a0Il va apporter sa contribution au football turc et pas seulement \u00e0 Fenerbah\u00e7e\u00a0\u00bb, a pour sa part d\u00e9clar\u00e9 le ministre turc, ajoutant en guise de boutade \u00e0 l\u2019adresse de son homologue allemand: \u00ab\u00a0J\u2019esp\u00e8re que vous n\u2019allez pas en faire un probl\u00e8me parce qu\u2019il rencontre le pr\u00e9sident\u00a0\u00bb.<\/p>\n<p>D\u2019apr\u00e8s plusieurs journaux turcs, une c\u00e9r\u00e9monie en grande pompe est pr\u00e9vue dans les jours suivants pour officialiser la signature d\u2019Ozil avec Fenerbah\u00e7e.<\/p>\n<p>Selon le quotidien sportif Fanatik, l\u2019ancien mage du Real Madrid doit s\u2019engager pour trois ans et demi et sera r\u00e9mun\u00e9r\u00e9 \u00e0 hauteur de cinq millions d\u2019euros par saison.<\/p>\n<p>En conflit avec Arsenal, \u00d6zil n\u2019a pas jou\u00e9 avec son club depuis le 7 mars 2020. En octobre, les Gunners ne l\u2019avaient pas retenu sur leur liste de joueurs en Premier League, renfor\u00e7ant les interrogations sur son avenir \u00e0 Londres.<\/p>\n<p>Le contrat d\u2019\u00d6zil, joueur le mieux pay\u00e9 d\u2019Arsenal avec un salaire annuel estim\u00e9 \u00e0 20 millions d\u2019euros, devait normalement expirer \u00e0 la fin de la saison.<\/p>\n<p>Auteur: M&rsquo;hammed rahal<br \/>\n<a href=\"http:\/\/albayane.press.ma\/quand-ozil-sinvite-a-une-conference-entre-ministres-turc-et-allemand.html\">Cliquez ici pour lire l&rsquo;article depuis sa source.<\/a><\/p>\n","protected":false},"excerpt":{"rendered":"<p>\u00ab\u00a0Ce sujet est plus sensible que celui de la vaccination\u00a0\u00bb. En visite \u00e0 Ankara lundi, le chef de la diplomatie allemande Heiko Maas n\u2019a pas pu \u00e9chapper aux questions sur le transfert vers un club d\u2019Istanbul du footballeur allemand Mesut \u00d6zil, dont la proximit\u00e9 avec le pr\u00e9sident turc lui a valu de violentes critiques en [&hellip;]<\/p>\n","protected":false},"author":1760,"featured_media":0,"comment_status":"closed","ping_status":"closed","sticky":false,"template":"","format":"standard","meta":{"fifu_image_url":"","fifu_image_alt":"","footnotes":""},"categories":[73,54],"tags":[],"class_list":["post-109569","post","type-post","status-publish","format-standard","hentry","category-actualite","category-maroc"],"_links":{"self":[{"href":"https:\/\/linitiative.ca\/International\/wp-json\/wp\/v2\/posts\/109569","targetHints":{"allow":["GET"]}}],"collection":[{"href":"https:\/\/linitiative.ca\/International\/wp-json\/wp\/v2\/posts"}],"about":[{"href":"https:\/\/linitiative.ca\/International\/wp-json\/wp\/v2\/types\/post"}],"author":[{"embeddable":true,"href":"https:\/\/linitiative.ca\/International\/wp-json\/wp\/v2\/users\/1760"}],"replies":[{"embeddable":true,"href":"https:\/\/linitiative.ca\/International\/wp-json\/wp\/v2\/comments?post=109569"}],"version-history":[{"count":0,"href":"https:\/\/linitiative.ca\/International\/wp-json\/wp\/v2\/posts\/109569\/revisions"}],"wp:attachment":[{"href":"https:\/\/linitiative.ca\/International\/wp-json\/wp\/v2\/media?parent=109569"}],"wp:term":[{"taxonomy":"category","embeddable":true,"href":"https:\/\/linitiative.ca\/International\/wp-json\/wp\/v2\/categories?post=109569"},{"taxonomy":"post_tag","embeddable":true,"href":"https:\/\/linitiative.ca\/International\/wp-json\/wp\/v2\/tags?post=109569"}],"curies":[{"name":"wp","href":"https:\/\/api.w.org\/{rel}","templated":true}]}}