{"id":109571,"date":"2021-01-19T03:58:14","date_gmt":"2021-01-19T08:58:14","guid":{"rendered":"https:\/\/linitiative.ca\/International\/ai-africa-week-quels-futurs-pour-lintelligence-artificielle\/"},"modified":"2021-01-19T03:58:14","modified_gmt":"2021-01-19T08:58:14","slug":"ai-africa-week-quels-futurs-pour-lintelligence-artificielle","status":"publish","type":"post","link":"https:\/\/linitiative.ca\/International\/ai-africa-week-quels-futurs-pour-lintelligence-artificielle\/","title":{"rendered":"AI Africa Week : Quel(s) futur(s) pour l\u2019intelligence artificielle ?"},"content":{"rendered":"<p>Du 25 au 29 janvier 2021, le r\u00e9seau des Orange Digital Center organise la premi\u00e8re \u00e9dition de l\u2019AI Africa Week, une semaine de conf\u00e9rences, de cas d\u2019usage et d\u2019ateliers pratiques autour de l\u2019Intelligence Artificielle assur\u00e9s par un grand nombre d\u2019experts nationaux et internationaux du Groupe Orange, Orange Business Services, Business and Decision et les diff\u00e9rentes filiales MEA, C\u00f4te d\u2019ivoire, Madagascar, S\u00e9n\u00e9gal, Maroc, Tunisie, Jordanie, Egypte, Mali, Cameroun.<\/p>\n<p>AutoML, Open Data, Black Box, Set de donn\u00e9es, Cloud Computing, Quantum Machine Learning, 5G\u2026 ?<\/p>\n<p>Plus de 15 conf\u00e9rences, r\u00e9unissant les plus grands experts nationaux et internationaux dont des repr\u00e9sentants de Orange, Google, Microsoft, IBM, Amazon, Valeo\u2026 Un programme de conf\u00e9rences pour tous les niveaux ! Plusieurs th\u00e9matiques autour de l\u2019Intelligence Artificielle seront abord\u00e9es dont :<\/p>\n<p>Les opportunit\u00e9s et les limites de l\u2019intelligence artificielle (25 janvier 2021)<br \/>L\u2019Open Data (26 janvier 2021)<br \/>L\u2019Automatisation de l\u2019Intelligence Artificielle (AutoML) (27 janvier 2021)<br \/>Les nouveaux m\u00e9tiers li\u00e9s \u00e0 l\u2019Intelligence Artificielle (28 janvier 2021)<br \/>Le mat\u00e9riel optimis\u00e9 pour l\u2019IA (29 janvier 2021)<br \/>Inscription obligatoire sur :\u00a0<a href=\"http:\/\/ai-africaweek.com\/\" target=\"_blank\" rel=\"noopener noreferrer\">ai-africaweek.com<\/a><\/p>\n<div class=\"wp-post-author-wrap wp-post-author-shortcode left\">\n<h3 class=\"awpa-title\"\/>\n<div class=\"wp-post-author\">\n<div class=\"awpa-img awpa-author-block square\"><a href=\"http:\/\/lexpertjournal.net\/fr\/?author=5\"><img loading=\"lazy\" decoding=\"async\" alt=\"\" src=\"http:\/\/0.gravatar.com\/avatar\/97f8e10a1c1125ba104a76514ee07b16?s=150&amp;d=mm&amp;r=g\" srcset=\"http:\/\/0.gravatar.com\/avatar\/97f8e10a1c1125ba104a76514ee07b16?s=300&amp;d=mm&amp;r=g 2x\" class=\"avatar avatar-150 photo\" height=\"150\" width=\"150\"\/><\/a><\/div>\n<\/div>\n<\/div>\n<aside class=\"mashsb-container mashsb-main mashsb-stretched\">\n<\/aside>\n<p>Auteur: L&rsquo;expert<br \/>\n<a href=\"http:\/\/lexpertjournal.net\/fr\/?p=18195\">Cliquez ici pour lire l&rsquo;article depuis sa source.<\/a><\/p>\n","protected":false},"excerpt":{"rendered":"<p>Du 25 au 29 janvier 2021, le r\u00e9seau des Orange Digital Center organise la premi\u00e8re \u00e9dition de l\u2019AI Africa Week, une semaine de conf\u00e9rences, de cas d\u2019usage et d\u2019ateliers pratiques autour de l\u2019Intelligence Artificielle assur\u00e9s par un grand nombre d\u2019experts nationaux et internationaux du Groupe Orange, Orange Business Services, Business and Decision et les diff\u00e9rentes [&hellip;]<\/p>\n","protected":false},"author":1775,"featured_media":0,"comment_status":"closed","ping_status":"closed","sticky":false,"template":"","format":"standard","meta":{"fifu_image_url":"http:\/\/0.gravatar.com\/avatar\/97f8e10a1c1125ba104a76514ee07b16?s=150&d=mm&r=g","fifu_image_alt":"AI Africa Week : Quel(s) futur(s) pour l\u2019intelligence artificielle ?","footnotes":""},"categories":[78,55],"tags":[],"class_list":["post-109571","post","type-post","status-publish","format-standard","hentry","category-economie","category-tunisie"],"_links":{"self":[{"href":"https:\/\/linitiative.ca\/International\/wp-json\/wp\/v2\/posts\/109571","targetHints":{"allow":["GET"]}}],"collection":[{"href":"https:\/\/linitiative.ca\/International\/wp-json\/wp\/v2\/posts"}],"about":[{"href":"https:\/\/linitiative.ca\/International\/wp-json\/wp\/v2\/types\/post"}],"author":[{"embeddable":true,"href":"https:\/\/linitiative.ca\/International\/wp-json\/wp\/v2\/users\/1775"}],"replies":[{"embeddable":true,"href":"https:\/\/linitiative.ca\/International\/wp-json\/wp\/v2\/comments?post=109571"}],"version-history":[{"count":0,"href":"https:\/\/linitiative.ca\/International\/wp-json\/wp\/v2\/posts\/109571\/revisions"}],"wp:attachment":[{"href":"https:\/\/linitiative.ca\/International\/wp-json\/wp\/v2\/media?parent=109571"}],"wp:term":[{"taxonomy":"category","embeddable":true,"href":"https:\/\/linitiative.ca\/International\/wp-json\/wp\/v2\/categories?post=109571"},{"taxonomy":"post_tag","embeddable":true,"href":"https:\/\/linitiative.ca\/International\/wp-json\/wp\/v2\/tags?post=109571"}],"curies":[{"name":"wp","href":"https:\/\/api.w.org\/{rel}","templated":true}]}}