{"id":109573,"date":"2021-01-19T07:40:00","date_gmt":"2021-01-19T12:40:00","guid":{"rendered":"https:\/\/linitiative.ca\/International\/le-p-apw-de-bejaia-et-lancien-maire-de-tichy-condamnes\/"},"modified":"2021-01-19T07:40:00","modified_gmt":"2021-01-19T12:40:00","slug":"le-p-apw-de-bejaia-et-lancien-maire-de-tichy-condamnes","status":"publish","type":"post","link":"https:\/\/linitiative.ca\/International\/le-p-apw-de-bejaia-et-lancien-maire-de-tichy-condamnes\/","title":{"rendered":"Le P\/APW de Bejaia et l\u2019ancien maire de Tichy condamn\u00e9s"},"content":{"rendered":"<div id=\"originalText\" readability=\"63\">\n<p class=\"c6\">Le pr\u00e9sident de l\u2019Assembl\u00e9e Populaire de la wilaya de Bejaia, M\u2019henni Heddadou, a \u00e9t\u00e9 condamn\u00e9, ce mardi, \u00e0 une amende de 200 000 DA par le tribunal de Bejaia.<\/p>\n<p class=\"c6\">Lors de la session ordinaire de l\u2019APW de Bejaia, tenue le 15 d\u00e9cembre dernier, Mehenni Heddadou avait, en effet, annonc\u00e9 qu\u2019il \u00e9tait convoqu\u00e9 pour comparaitre, le 22 d\u00e9cembre, devant le juge d&rsquo;instruction pour des \u00ab\u00a0accusations d\u2019outrages\u00a0\u00bb.<\/p>\n<p class=\"c6\">Quant \u00e0 l\u2019ancien maire de Tichy, Hamid A\u00efssani, il a \u00e9t\u00e9 condamn\u00e9 \u00e0 6 mois de prison ferme par le tribunal de Kherrata. Accus\u00e9 de \u00ab\u00a0falsifications \u00bb et \u00ab faux et usage de faux \u00bb. Le parquet avait requis, le 29 d\u00e9cembre dernier, 9 mois de prison \u00e0 l\u2019encontre du P\/APC suspendu.<\/p>\n<p class=\"c6\">R\u00e9agissant aux condamnations de ses camarades, Hakim Belahcel, membre de l\u2019instance pr\u00e9sidentielle du FFS a condamn\u00e9, sur sa page Facebook, \u00ab\u00a0les verdicts arbitraires\u00a0\u00bb tout en d\u00e9non\u00e7ant \u00ab\u00a0un acharnement judiciaire\u00a0\u00bb.<\/p>\n<p class=\"c7\"><strong>Kenza SIFI<\/strong><\/p>\n<\/div>\n<div id=\"text_core\" readability=\"63\">\n<p class=\"c6\">Le pr\u00e9sident de l\u2019Assembl\u00e9e Populaire de la wilaya de Bejaia, M\u2019henni Heddadou, a \u00e9t\u00e9 condamn\u00e9, ce mardi, \u00e0 une amende de 200 000 DA par le tribunal de Bejaia.<\/p>\n<p class=\"c6\">Lors de la session ordinaire de l\u2019APW de Bejaia, tenue le 15 d\u00e9cembre dernier, Mehenni Heddadou avait, en effet, annonc\u00e9 qu\u2019il \u00e9tait convoqu\u00e9 pour comparaitre, le 22 d\u00e9cembre, devant le juge d&rsquo;instruction pour des \u00ab\u00a0accusations d\u2019outrages\u00a0\u00bb.<\/p>\n<p class=\"c6\">Quant \u00e0 l\u2019ancien maire de Tichy, Hamid A\u00efssani, il a \u00e9t\u00e9 condamn\u00e9 \u00e0 6 mois de prison ferme par le tribunal de Kherrata. Accus\u00e9 de \u00ab\u00a0falsifications \u00bb et \u00ab faux et usage de faux \u00bb. Le parquet avait requis, le 29 d\u00e9cembre dernier, 9 mois de prison \u00e0 l\u2019encontre du P\/APC suspendu.<\/p>\n<p class=\"c6\">R\u00e9agissant aux condamnations de ses camarades, Hakim Belahcel, membre de l\u2019instance pr\u00e9sidentielle du FFS a condamn\u00e9, sur sa page Facebook, \u00ab\u00a0les verdicts arbitraires\u00a0\u00bb tout en d\u00e9non\u00e7ant \u00ab\u00a0un acharnement judiciaire\u00a0\u00bb.<\/p>\n<p class=\"c7\"><strong>Kenza SIFI<\/strong><\/p>\n<\/div>\n<p>Auteur:<br \/>\n<a href=\"https:\/\/www.liberte-algerie.com\/actualite\/le-p-apw-de-bejaia-et-lancien-maire-de-tichy-condamnes-352699\">Cliquez ici pour lire l&rsquo;article depuis sa source.<\/a><\/p>\n","protected":false},"excerpt":{"rendered":"<p>Le pr\u00e9sident de l\u2019Assembl\u00e9e Populaire de la wilaya de Bejaia, M\u2019henni Heddadou, a \u00e9t\u00e9 condamn\u00e9, ce mardi, \u00e0 une amende de 200 000 DA par le tribunal de Bejaia. Lors de la session ordinaire de l\u2019APW de Bejaia, tenue le 15 d\u00e9cembre dernier, Mehenni Heddadou avait, en effet, annonc\u00e9 qu\u2019il \u00e9tait convoqu\u00e9 pour comparaitre, le [&hellip;]<\/p>\n","protected":false},"author":1742,"featured_media":0,"comment_status":"closed","ping_status":"closed","sticky":false,"template":"","format":"standard","meta":{"fifu_image_url":"","fifu_image_alt":"","footnotes":""},"categories":[73,53],"tags":[],"class_list":["post-109573","post","type-post","status-publish","format-standard","hentry","category-actualite","category-algerie"],"_links":{"self":[{"href":"https:\/\/linitiative.ca\/International\/wp-json\/wp\/v2\/posts\/109573","targetHints":{"allow":["GET"]}}],"collection":[{"href":"https:\/\/linitiative.ca\/International\/wp-json\/wp\/v2\/posts"}],"about":[{"href":"https:\/\/linitiative.ca\/International\/wp-json\/wp\/v2\/types\/post"}],"author":[{"embeddable":true,"href":"https:\/\/linitiative.ca\/International\/wp-json\/wp\/v2\/users\/1742"}],"replies":[{"embeddable":true,"href":"https:\/\/linitiative.ca\/International\/wp-json\/wp\/v2\/comments?post=109573"}],"version-history":[{"count":0,"href":"https:\/\/linitiative.ca\/International\/wp-json\/wp\/v2\/posts\/109573\/revisions"}],"wp:attachment":[{"href":"https:\/\/linitiative.ca\/International\/wp-json\/wp\/v2\/media?parent=109573"}],"wp:term":[{"taxonomy":"category","embeddable":true,"href":"https:\/\/linitiative.ca\/International\/wp-json\/wp\/v2\/categories?post=109573"},{"taxonomy":"post_tag","embeddable":true,"href":"https:\/\/linitiative.ca\/International\/wp-json\/wp\/v2\/tags?post=109573"}],"curies":[{"name":"wp","href":"https:\/\/api.w.org\/{rel}","templated":true}]}}