{"id":109575,"date":"2021-01-19T12:06:28","date_gmt":"2021-01-19T17:06:28","guid":{"rendered":"https:\/\/linitiative.ca\/International\/prolongation-de-2-semaines-les-mesures-de-precaution-adoptees-le-13-janvier\/"},"modified":"2021-01-19T12:06:28","modified_gmt":"2021-01-19T17:06:28","slug":"prolongation-de-2-semaines-les-mesures-de-precaution-adoptees-le-13-janvier","status":"publish","type":"post","link":"https:\/\/linitiative.ca\/International\/prolongation-de-2-semaines-les-mesures-de-precaution-adoptees-le-13-janvier\/","title":{"rendered":"Prolongation de 2 semaines les mesures de pr\u00e9caution adopt\u00e9es le 13 janvier"},"content":{"rendered":"<div class=\"single-featured\"><img alt=\"\" data-src=\"http:\/\/www.mapmarrakech.ma\/map\/uploads\/2021\/01\/mesures.jpg\"\/><\/div>\n<div class=\"single-post-excerpt post-excerpt-bc\" readability=\"35\">\n<p>Le gouvernement a d\u00e9cid\u00e9 de prolonger de deux semaines, \u00e0 compter du 19 janvier \u00e0 21h, les mesures de pr\u00e9caution adopt\u00e9es le 13 janvier pour lutter contre le coronavirus.<\/p>\n<\/div>\n<div class=\"entry-content clearfix single-post-content\" readability=\"45\">\n<p>Dans un communiqu\u00e9, le gouvernement pr\u00e9cise que suite \u00e0 l\u2019\u00e9volution de la situation \u00e9pid\u00e9miologique au niveau mondial et \u00e0 l\u2019apparition de nouvelles variantes du virus dans des pays voisins, et dans le cadre des efforts continus visant \u00e0 lutter contre la propagation de cette pand\u00e9mie, et \u00e0 att\u00e9nuer ses effets, le gouvernement a d\u00e9cid\u00e9 de prolonger de deux semaines, \u00e0 compter du 19 janvier \u00e0 21h, les mesures de pr\u00e9caution adopt\u00e9es le 13 du m\u00eame mois.<\/p>\n<p>Cette d\u00e9cision intervient sur la base des recommandations de la commission scientifique et technique concernant la n\u00e9cessit\u00e9 de maintenir les proc\u00e9dures n\u00e9cessaires pour lutter contre le coronavirus (Covid-19).<\/p>\n<\/div>\n<p>Auteur: Meriem IGASS<br \/>\n<a href=\"http:\/\/www.mapmarrakech.ma\/fr\/prolongation-de-2-semaines-les-mesures-de-precaution-adoptees-le-13-janvier\/\">Cliquez ici pour lire l&rsquo;article depuis sa source.<\/a><\/p>\n","protected":false},"excerpt":{"rendered":"<p>Le gouvernement a d\u00e9cid\u00e9 de prolonger de deux semaines, \u00e0 compter du 19 janvier \u00e0 21h, les mesures de pr\u00e9caution adopt\u00e9es le 13 janvier pour lutter contre le coronavirus. Dans un communiqu\u00e9, le gouvernement pr\u00e9cise que suite \u00e0 l\u2019\u00e9volution de la situation \u00e9pid\u00e9miologique au niveau mondial et \u00e0 l\u2019apparition de nouvelles variantes du virus dans [&hellip;]<\/p>\n","protected":false},"author":1788,"featured_media":0,"comment_status":"closed","ping_status":"closed","sticky":false,"template":"","format":"standard","meta":{"fifu_image_url":"http:\/\/www.mapmarrakech.ma\/map\/uploads\/2021\/01\/mesures.jpg","fifu_image_alt":"Prolongation de 2 semaines les mesures de pr\u00e9caution adopt\u00e9es le 13 janvier","footnotes":""},"categories":[54,76],"tags":[],"class_list":["post-109575","post","type-post","status-publish","format-standard","hentry","category-maroc","category-regions"],"_links":{"self":[{"href":"https:\/\/linitiative.ca\/International\/wp-json\/wp\/v2\/posts\/109575","targetHints":{"allow":["GET"]}}],"collection":[{"href":"https:\/\/linitiative.ca\/International\/wp-json\/wp\/v2\/posts"}],"about":[{"href":"https:\/\/linitiative.ca\/International\/wp-json\/wp\/v2\/types\/post"}],"author":[{"embeddable":true,"href":"https:\/\/linitiative.ca\/International\/wp-json\/wp\/v2\/users\/1788"}],"replies":[{"embeddable":true,"href":"https:\/\/linitiative.ca\/International\/wp-json\/wp\/v2\/comments?post=109575"}],"version-history":[{"count":0,"href":"https:\/\/linitiative.ca\/International\/wp-json\/wp\/v2\/posts\/109575\/revisions"}],"wp:attachment":[{"href":"https:\/\/linitiative.ca\/International\/wp-json\/wp\/v2\/media?parent=109575"}],"wp:term":[{"taxonomy":"category","embeddable":true,"href":"https:\/\/linitiative.ca\/International\/wp-json\/wp\/v2\/categories?post=109575"},{"taxonomy":"post_tag","embeddable":true,"href":"https:\/\/linitiative.ca\/International\/wp-json\/wp\/v2\/tags?post=109575"}],"curies":[{"name":"wp","href":"https:\/\/api.w.org\/{rel}","templated":true}]}}