{"id":109576,"date":"2021-01-19T12:17:20","date_gmt":"2021-01-19T17:17:20","guid":{"rendered":"https:\/\/linitiative.ca\/International\/mesures-prolongees-pour-2-semaines-a-compter-du-19-janvier\/"},"modified":"2021-01-19T12:17:20","modified_gmt":"2021-01-19T17:17:20","slug":"mesures-prolongees-pour-2-semaines-a-compter-du-19-janvier","status":"publish","type":"post","link":"https:\/\/linitiative.ca\/International\/mesures-prolongees-pour-2-semaines-a-compter-du-19-janvier\/","title":{"rendered":"Mesures prolong\u00e9es pour 2 semaines, \u00e0 compter du 19 janvier"},"content":{"rendered":"<div class=\"single-featured\"><img alt=\"\" data-src=\"http:\/\/www.mapmarrakech.ma\/map\/uploads\/2021\/01\/Etat-durgence.jpg\"\/><\/div>\n<div class=\"single-post-excerpt post-excerpt-bc\" readability=\"39\">\n<p>Voici les mesures de pr\u00e9caution que le gouvernement a d\u00e9cid\u00e9 de prolonger de deux semaines suppl\u00e9mentaires, \u00e0 compter du 19 janvier \u00e0 21h, pour lutter contre le coronavirus, suite \u00e0 l\u2019\u00e9volution de la situation \u00e9pid\u00e9miologique au niveau mondial et \u00e0 l\u2019apparition de nouvelles variantes du virus dans des pays voisins, et dans le cadre des efforts continus visant \u00e0 lutter contre la propagation de cette pand\u00e9mie et \u00e0 att\u00e9nuer ses effets :<\/p>\n<\/div>\n<div class=\"entry-content clearfix single-post-content\" readability=\"41\">\n<p>\u2013 Fermeture des restaurants, caf\u00e9s, commerces et grandes surfaces \u00e0 20h00 ;<\/p>\n<p>\u2013 Couvre-feu nocturne de 21h00 \u00e0 6h00 \u00e0 l\u2019\u00e9chelle nationale, sauf cas exceptionnels ;<\/p>\n<p>\u2013 Interdiction des f\u00eates et des rassemblements publics ou priv\u00e9s ;<\/p>\n<p>\u2013 Toutes les autres mesures de pr\u00e9caution annonc\u00e9es pr\u00e9c\u00e9demment sont maintenues.<\/p>\n<\/div>\n<p>Auteur: Meriem IGASS<br \/>\n<a href=\"http:\/\/www.mapmarrakech.ma\/fr\/covid-19-les-mesures-prolongees-pour-deux-semaines-a-compter-du-19-janvier\/\">Cliquez ici pour lire l&rsquo;article depuis sa source.<\/a><\/p>\n","protected":false},"excerpt":{"rendered":"<p>Voici les mesures de pr\u00e9caution que le gouvernement a d\u00e9cid\u00e9 de prolonger de deux semaines suppl\u00e9mentaires, \u00e0 compter du 19 janvier \u00e0 21h, pour lutter contre le coronavirus, suite \u00e0 l\u2019\u00e9volution de la situation \u00e9pid\u00e9miologique au niveau mondial et \u00e0 l\u2019apparition de nouvelles variantes du virus dans des pays voisins, et dans le cadre des [&hellip;]<\/p>\n","protected":false},"author":1788,"featured_media":0,"comment_status":"closed","ping_status":"closed","sticky":false,"template":"","format":"standard","meta":{"fifu_image_url":"http:\/\/www.mapmarrakech.ma\/map\/uploads\/2021\/01\/Etat-durgence.jpg","fifu_image_alt":"Mesures prolong\u00e9es pour 2 semaines, \u00e0 compter du 19 janvier","footnotes":""},"categories":[54,76],"tags":[],"class_list":["post-109576","post","type-post","status-publish","format-standard","hentry","category-maroc","category-regions"],"_links":{"self":[{"href":"https:\/\/linitiative.ca\/International\/wp-json\/wp\/v2\/posts\/109576","targetHints":{"allow":["GET"]}}],"collection":[{"href":"https:\/\/linitiative.ca\/International\/wp-json\/wp\/v2\/posts"}],"about":[{"href":"https:\/\/linitiative.ca\/International\/wp-json\/wp\/v2\/types\/post"}],"author":[{"embeddable":true,"href":"https:\/\/linitiative.ca\/International\/wp-json\/wp\/v2\/users\/1788"}],"replies":[{"embeddable":true,"href":"https:\/\/linitiative.ca\/International\/wp-json\/wp\/v2\/comments?post=109576"}],"version-history":[{"count":0,"href":"https:\/\/linitiative.ca\/International\/wp-json\/wp\/v2\/posts\/109576\/revisions"}],"wp:attachment":[{"href":"https:\/\/linitiative.ca\/International\/wp-json\/wp\/v2\/media?parent=109576"}],"wp:term":[{"taxonomy":"category","embeddable":true,"href":"https:\/\/linitiative.ca\/International\/wp-json\/wp\/v2\/categories?post=109576"},{"taxonomy":"post_tag","embeddable":true,"href":"https:\/\/linitiative.ca\/International\/wp-json\/wp\/v2\/tags?post=109576"}],"curies":[{"name":"wp","href":"https:\/\/api.w.org\/{rel}","templated":true}]}}