{"id":109577,"date":"2021-01-19T13:51:21","date_gmt":"2021-01-19T18:51:21","guid":{"rendered":"https:\/\/linitiative.ca\/International\/covid-19-le-taux-de-reproduction-du-virus-se-stabilise-a-088\/"},"modified":"2021-01-19T13:51:21","modified_gmt":"2021-01-19T18:51:21","slug":"covid-19-le-taux-de-reproduction-du-virus-se-stabilise-a-088","status":"publish","type":"post","link":"https:\/\/linitiative.ca\/International\/covid-19-le-taux-de-reproduction-du-virus-se-stabilise-a-088\/","title":{"rendered":"Covid-19: le taux de reproduction du virus se stabilise \u00e0 0,88"},"content":{"rendered":"<div readability=\"38\">\n<p>Le taux de reproduction (R0) de la Covid-19 affiche une l\u00e9g\u00e8re am\u00e9lioration continue pour se stabiliser \u00e0 0,88 dimanche dernier, a indiqu\u00e9 mardi le chef de la division des maladies transmissibles \u00e0 la direction de l\u2019\u00e9pid\u00e9miologie et de lutte contre les maladies au minist\u00e8re de la Sant\u00e9, Abdelkrim Meziane Belfkih.<\/p>\n<\/div>\n<div readability=\"100\">\n<p>Pr\u00e9sentant \u00e0 Rabat le bilan bimensuel relatif \u00e0 la situation \u00e9pid\u00e9miologique, M. Meziane Belfkih a pr\u00e9cis\u00e9 que la courbe \u00e9pid\u00e9miologique hebdomadaire relative au coronavirus au Maroc a \u00e9volu\u00e9 en baisse de 23,9% jusqu\u2019au 17 janvier.<\/p>\n<p>Cette tendance \u00e0 la baisse a \u00e9t\u00e9 observ\u00e9e dans la r\u00e9gion de Beni Mellal-Kh\u00e9nifra (-60,6%), Dr\u00e2a-Tafilalet (-45,9%), Guelmim-Oued Noun (-35%), Tanger-T\u00e9touan-Al Hoceima (-34,2%), Rabat-Sal\u00e9-K\u00e9nitra (-32,4%), Marrakech-Safi (-31,4%), Souss-Massa (-24,7%), Casablanca-Settat (-17,3%), F\u00e8s-Mekn\u00e8s (-14,1%) et La\u00e2youne-Sakia El Hamra (-2,2%).<\/p>\n<p>La courbe \u00e9pid\u00e9miologique hebdomadaire a, en revanche, \u00e9volu\u00e9 en hausse dans les r\u00e9gions de Dakhla-Oued Eddahab (+79,4%) et de l\u2019Oriental (+5,7%), a-t-il ajout\u00e9.<\/p>\n<p>Quant \u00e0 la courbe des d\u00e9c\u00e8s, elle a enregistr\u00e9 une baisse de 22,9% au cours des deux derni\u00e8res semaines.<\/p>\n<p>Sur le plan mondial, le nombre de cas positifs s\u2019\u00e9l\u00e8ve \u00e0 95.784.932 jusqu\u2019au 18 janvier, soit un taux d\u2019incidence cumul\u00e9 de 1228,8 pour 100.000 habitants.<\/p>\n<p>Le nombre de d\u00e9c\u00e8s enregistr\u00e9 s\u2019est \u00e9tabli \u00e0 2.044.457, soit un taux de l\u00e9talit\u00e9 de 2,1%, a-t-il poursuivi, pr\u00e9cisant que le nombre de personnes gu\u00e9ries a atteint environ 68.354.444, soit un taux de gu\u00e9rison de 71,4%.<\/p>\n<p>Dans le m\u00eame contexte, le responsable a insist\u00e9 sur l\u2019importance de respecter les mesures sanitaires pr\u00e9ventives afin de limiter la propagation du virus, notamment le port des masques de protection, le lavage r\u00e9gulier des mains, la distanciation physique et l\u2019utilisation de l\u2019application Wiqaytna.<\/p>\n<p>Le minist\u00e8re de la Sant\u00e9 a annonc\u00e9 lundi qu\u2019un premier cas de contamination par le variant du Covid-19 apparu au Royaume-Uni a \u00e9t\u00e9 d\u00e9tect\u00e9 au Port Tanger-Med chez un Marocain arriv\u00e9 d\u2019Irlande \u00e0 bord d\u2019un bateau en provenance de Marseille.<\/p>\n<\/div>\n<p>Auteur: Meriem IGASS<br \/>\n<a href=\"http:\/\/www.mapmarrakech.ma\/fr\/covid-19-le-taux-de-reproduction-du-virus-se-stabilise-a-088\/\">Cliquez ici pour lire l&rsquo;article depuis sa source.<\/a><\/p>\n","protected":false},"excerpt":{"rendered":"<p>Le taux de reproduction (R0) de la Covid-19 affiche une l\u00e9g\u00e8re am\u00e9lioration continue pour se stabiliser \u00e0 0,88 dimanche dernier, a indiqu\u00e9 mardi le chef de la division des maladies transmissibles \u00e0 la direction de l\u2019\u00e9pid\u00e9miologie et de lutte contre les maladies au minist\u00e8re de la Sant\u00e9, Abdelkrim Meziane Belfkih. Pr\u00e9sentant \u00e0 Rabat le bilan [&hellip;]<\/p>\n","protected":false},"author":1788,"featured_media":0,"comment_status":"closed","ping_status":"closed","sticky":false,"template":"","format":"standard","meta":{"fifu_image_url":"","fifu_image_alt":"","footnotes":""},"categories":[54,76],"tags":[],"class_list":["post-109577","post","type-post","status-publish","format-standard","hentry","category-maroc","category-regions"],"_links":{"self":[{"href":"https:\/\/linitiative.ca\/International\/wp-json\/wp\/v2\/posts\/109577","targetHints":{"allow":["GET"]}}],"collection":[{"href":"https:\/\/linitiative.ca\/International\/wp-json\/wp\/v2\/posts"}],"about":[{"href":"https:\/\/linitiative.ca\/International\/wp-json\/wp\/v2\/types\/post"}],"author":[{"embeddable":true,"href":"https:\/\/linitiative.ca\/International\/wp-json\/wp\/v2\/users\/1788"}],"replies":[{"embeddable":true,"href":"https:\/\/linitiative.ca\/International\/wp-json\/wp\/v2\/comments?post=109577"}],"version-history":[{"count":0,"href":"https:\/\/linitiative.ca\/International\/wp-json\/wp\/v2\/posts\/109577\/revisions"}],"wp:attachment":[{"href":"https:\/\/linitiative.ca\/International\/wp-json\/wp\/v2\/media?parent=109577"}],"wp:term":[{"taxonomy":"category","embeddable":true,"href":"https:\/\/linitiative.ca\/International\/wp-json\/wp\/v2\/categories?post=109577"},{"taxonomy":"post_tag","embeddable":true,"href":"https:\/\/linitiative.ca\/International\/wp-json\/wp\/v2\/tags?post=109577"}],"curies":[{"name":"wp","href":"https:\/\/api.w.org\/{rel}","templated":true}]}}