{"id":109579,"date":"2021-01-18T13:01:04","date_gmt":"2021-01-18T18:01:04","guid":{"rendered":"https:\/\/linitiative.ca\/International\/onee-reunion-de-la-mission-exploratoire\/"},"modified":"2021-01-18T13:01:04","modified_gmt":"2021-01-18T18:01:04","slug":"onee-reunion-de-la-mission-exploratoire","status":"publish","type":"post","link":"https:\/\/linitiative.ca\/International\/onee-reunion-de-la-mission-exploratoire\/","title":{"rendered":"ONEE: R\u00e9union de la mission exploratoire"},"content":{"rendered":"<p>La mission exploratoire temporaire de la Chambre des repr\u00e9sentants sur l&rsquo;Office National de l&rsquo;Electricit\u00e9 et de l&rsquo;Eau Potable a tenu une r\u00e9union, hier lundi 18 janvier, avec le management de l&rsquo;Office. Rappelons que pour limiter l&rsquo;impact de la crise Covid-19 sur\u00a0 sa tr\u00e9sorerie et assurer le paiement notamment des fournisseurs, l&rsquo;ONEE\u00a0 b\u00e9n\u00e9ficie au m\u00eame titre que d&rsquo;autres \u00e9tablissements et entreprises publiques de la garantie de l&rsquo;Etat.<\/p>\n<p class=\"rtejustify\"><em>K. M.<\/em><\/p>\n<p>Auteur: hlafriqi<br \/>\n<a href=\"https:\/\/www.leconomiste.com\/article\/1072132-onee-reunion-de-la-mission-exploratoire\">Cliquez ici pour lire l&rsquo;article depuis sa source.<\/a><\/p>\n","protected":false},"excerpt":{"rendered":"<p>La mission exploratoire temporaire de la Chambre des repr\u00e9sentants sur l&rsquo;Office National de l&rsquo;Electricit\u00e9 et de l&rsquo;Eau Potable a tenu une r\u00e9union, hier lundi 18 janvier, avec le management de l&rsquo;Office. Rappelons que pour limiter l&rsquo;impact de la crise Covid-19 sur\u00a0 sa tr\u00e9sorerie et assurer le paiement notamment des fournisseurs, l&rsquo;ONEE\u00a0 b\u00e9n\u00e9ficie au m\u00eame titre [&hellip;]<\/p>\n","protected":false},"author":1763,"featured_media":0,"comment_status":"closed","ping_status":"closed","sticky":false,"template":"","format":"standard","meta":{"fifu_image_url":"","fifu_image_alt":"","footnotes":""},"categories":[78,54],"tags":[],"class_list":["post-109579","post","type-post","status-publish","format-standard","hentry","category-economie","category-maroc"],"_links":{"self":[{"href":"https:\/\/linitiative.ca\/International\/wp-json\/wp\/v2\/posts\/109579","targetHints":{"allow":["GET"]}}],"collection":[{"href":"https:\/\/linitiative.ca\/International\/wp-json\/wp\/v2\/posts"}],"about":[{"href":"https:\/\/linitiative.ca\/International\/wp-json\/wp\/v2\/types\/post"}],"author":[{"embeddable":true,"href":"https:\/\/linitiative.ca\/International\/wp-json\/wp\/v2\/users\/1763"}],"replies":[{"embeddable":true,"href":"https:\/\/linitiative.ca\/International\/wp-json\/wp\/v2\/comments?post=109579"}],"version-history":[{"count":0,"href":"https:\/\/linitiative.ca\/International\/wp-json\/wp\/v2\/posts\/109579\/revisions"}],"wp:attachment":[{"href":"https:\/\/linitiative.ca\/International\/wp-json\/wp\/v2\/media?parent=109579"}],"wp:term":[{"taxonomy":"category","embeddable":true,"href":"https:\/\/linitiative.ca\/International\/wp-json\/wp\/v2\/categories?post=109579"},{"taxonomy":"post_tag","embeddable":true,"href":"https:\/\/linitiative.ca\/International\/wp-json\/wp\/v2\/tags?post=109579"}],"curies":[{"name":"wp","href":"https:\/\/api.w.org\/{rel}","templated":true}]}}