{"id":109584,"date":"2021-01-19T15:14:11","date_gmt":"2021-01-19T20:14:11","guid":{"rendered":"https:\/\/linitiative.ca\/International\/international-saint-etienne-puel-veut-le-report-du-derby-face-a-lyon\/"},"modified":"2021-01-19T15:14:11","modified_gmt":"2021-01-19T20:14:11","slug":"international-saint-etienne-puel-veut-le-report-du-derby-face-a-lyon","status":"publish","type":"post","link":"https:\/\/linitiative.ca\/International\/international-saint-etienne-puel-veut-le-report-du-derby-face-a-lyon\/","title":{"rendered":"International : Saint Etienne : Puel veut le report du derby face \u00e0 Lyon"},"content":{"rendered":"<div readability=\"32\">\n<p>Auteur : <span class=\"time\">mardi 19 janvier 2021 13:21<\/span><\/p>\n<\/div>\n<div id=\"post_core\" readability=\"45\">\n<p>Saint-Etienne est un des clubs les plus touch\u00e9s par la Covid en France et a d\u00fb se pr\u00e9senter avec une \u00e9quipe amput\u00e9s de plus de dix joueurs \u00e0 Strasbourg le week-end dernier (18 avec le staff). Sans de nombreux cadres, les Verts se sont logiquement inclin\u00e9s en Alsace, les plongeant un peu plus dans les entrailles de la Ligue 1 fran\u00e7aise. Le constat devrait \u00eatre le m\u00eame dans quelques jours face \u00e0 l\u2019OL, ce qui a pouss\u00e9 Claude Puel a demand\u00e9 un report de ce derby.<\/p>\n<p>\u00ab\u00a0[Aimeriez que le derby soit report\u00e9 ?] Oui on demande (le report), oui on peut faire la demande de reporter le match. Mais il y a un r\u00e8glement et le r\u00e8glement dit qu&rsquo;on doit jouer. On perdrait le match sur tapis vert, a indiqu\u00e9 Claude Puel lors d\u2019une conf\u00e9rence de presse en visio. On a eu certaines d\u00e9marches \u00e0 Strasbourg. On a pr\u00e9venu toutes les personnes d\u2019autorit\u00e9s et notamment avec le responsable m\u00e9dical de la F\u00e9d\u00e9.\u00a0On nous a intim\u00e9 de jouer le match\u00a0car il n\u2019y avait pas d\u2019autres solutions \u00e0 cause du r\u00e8glement.\u00a0\u00bb Des propos relay\u00e9s par Goal.<\/p>\n<p><strong>Publi\u00e9 dans :<\/strong> <span>Lyon<\/span><\/p>\n<\/div>\n<p>Auteur:<br \/>\n<a href=\"http:\/\/www.lebuteur.com\/article\/detail?titre=saint-etienne-puel-veut-le-report-du-derby-face-a-lyon&#038;id=98775&#038;utm_source=feedburner&#038;utm_medium=feed&#038;utm_campaign=Feed%3A+GalerieFArtciles+%28Les+derniers+articles++-+lebuteur.com%29\">Cliquez ici pour lire l&rsquo;article depuis sa source.<\/a><\/p>\n","protected":false},"excerpt":{"rendered":"<p>Auteur : mardi 19 janvier 2021 13:21 Saint-Etienne est un des clubs les plus touch\u00e9s par la Covid en France et a d\u00fb se pr\u00e9senter avec une \u00e9quipe amput\u00e9s de plus de dix joueurs \u00e0 Strasbourg le week-end dernier (18 avec le staff). Sans de nombreux cadres, les Verts se sont logiquement inclin\u00e9s en Alsace, [&hellip;]<\/p>\n","protected":false},"author":1738,"featured_media":0,"comment_status":"closed","ping_status":"closed","sticky":false,"template":"","format":"standard","meta":{"fifu_image_url":"\/\/cdn.lebuteur.com\/data\/images\/article\/thumbs\/large-saint-etienne-puel-veut-le-report-du-derby-face-a-lyon-b93e7.jpg","fifu_image_alt":"International : Saint Etienne : Puel veut le report du derby face \u00e0 Lyon","footnotes":""},"categories":[53,75],"tags":[],"class_list":["post-109584","post","type-post","status-publish","format-standard","hentry","category-algerie","category-sport"],"_links":{"self":[{"href":"https:\/\/linitiative.ca\/International\/wp-json\/wp\/v2\/posts\/109584","targetHints":{"allow":["GET"]}}],"collection":[{"href":"https:\/\/linitiative.ca\/International\/wp-json\/wp\/v2\/posts"}],"about":[{"href":"https:\/\/linitiative.ca\/International\/wp-json\/wp\/v2\/types\/post"}],"author":[{"embeddable":true,"href":"https:\/\/linitiative.ca\/International\/wp-json\/wp\/v2\/users\/1738"}],"replies":[{"embeddable":true,"href":"https:\/\/linitiative.ca\/International\/wp-json\/wp\/v2\/comments?post=109584"}],"version-history":[{"count":0,"href":"https:\/\/linitiative.ca\/International\/wp-json\/wp\/v2\/posts\/109584\/revisions"}],"wp:attachment":[{"href":"https:\/\/linitiative.ca\/International\/wp-json\/wp\/v2\/media?parent=109584"}],"wp:term":[{"taxonomy":"category","embeddable":true,"href":"https:\/\/linitiative.ca\/International\/wp-json\/wp\/v2\/categories?post=109584"},{"taxonomy":"post_tag","embeddable":true,"href":"https:\/\/linitiative.ca\/International\/wp-json\/wp\/v2\/tags?post=109584"}],"curies":[{"name":"wp","href":"https:\/\/api.w.org\/{rel}","templated":true}]}}