{"id":109585,"date":"2021-01-19T15:14:16","date_gmt":"2021-01-19T20:14:16","guid":{"rendered":"https:\/\/linitiative.ca\/International\/international-barcelone-messi-aurait-lache-une-bombe-sur-son-avenir-en-interne\/"},"modified":"2021-01-19T15:14:16","modified_gmt":"2021-01-19T20:14:16","slug":"international-barcelone-messi-aurait-lache-une-bombe-sur-son-avenir-en-interne","status":"publish","type":"post","link":"https:\/\/linitiative.ca\/International\/international-barcelone-messi-aurait-lache-une-bombe-sur-son-avenir-en-interne\/","title":{"rendered":"International : Barcelone : Messi aurait l\u00e2ch\u00e9 une bombe sur son avenir en interne !"},"content":{"rendered":"<div readability=\"32\">\n<p>Auteur : <span class=\"time\">mardi 19 janvier 2021 14:00<\/span><\/p>\n<\/div>\n<div id=\"post_core\" readability=\"57\">\n<p>Cependant, l\u2019Argentin n\u2019a pas prolong\u00e9 son bail et sera donc libre de s\u2019engager o\u00f9 il le souhaite \u00e0 l\u2019issue de la saison.\u00a0Manchester\u00a0City\u00a0serait alors \u00e0 l\u2019aff\u00fbt, tout comme le\u00a0PSG. \u00ab\u00a0Les grands joueurs comme Messi seront toujours mis sur la liste du PSG. Mais ce n&rsquo;est bien s\u00fbr pas le moment d&rsquo;en parler, ni d&rsquo;y r\u00eaver. (&#8230;) Mais on est assis \u00e0 la grande table de ceux qui suivent le dossier de pr\u00e8s. En fait, non, on n&rsquo;est pas encore assis, mais notre chaise est juste r\u00e9serv\u00e9e au cas o\u00f9&#8230; Quatre mois dans le football, c&rsquo;est une \u00e9ternit\u00e9, surtout dans cette p\u00e9riode\u00a0\u00bb,\u00a0a confirm\u00e9 Leonardo ce mardi, dans\u00a0France Football. Mais une prolongation de\u00a0Lionel\u00a0Messi\u00a0au\u00a0Bar\u00e7a\u00a0ne serait pas \u00e0 exclure, surtout si\u00a0Joan\u00a0Laporta\u00a0venait \u00e0 prendre les r\u00eanes du club cul\u00e9.<\/p>\n<p>Lionel Messi\u00a0entretient en effet d\u2019excellentes relations avec\u00a0Joan\u00a0Laporta, favori pour prendre la pr\u00e9sidence du\u00a0FC\u00a0Barcelone. D\u2019apr\u00e8s les informations divulgu\u00e9es par\u00a0Eduardo\u00a0Inda\u00a0sur le plateau d\u2019El Chiringuito,\u00a0Lionel Messi\u00a0aurait d\u2019ailleurs l\u00e2ch\u00e9 une petite bombe au candidat : \u00ab\u00a0Messi a dit \u00e0 Laporta que s&rsquo;il construisait une \u00e9quipe comp\u00e9titive avec trois ou quatre noms importants, il \u00e9tait pr\u00eat \u00e0 rester \u00e0 Barcelone\u00a0\u00bb, a confi\u00e9 le directeur d\u2019OK Diario. Source : Le 10 Sport.<\/p>\n<p><strong>Publi\u00e9 dans :<\/strong> <span>Barcelone : Messi<\/span><\/p>\n<\/div>\n<p>Auteur:<br \/>\n<a href=\"http:\/\/www.lebuteur.com\/article\/detail?titre=barcelone-messi-aurait-lache-une-bombe-sur-son-avenir-en-interne&#038;id=98776&#038;utm_source=feedburner&#038;utm_medium=feed&#038;utm_campaign=Feed%3A+GalerieFArtciles+%28Les+derniers+articles++-+lebuteur.com%29\">Cliquez ici pour lire l&rsquo;article depuis sa source.<\/a><\/p>\n","protected":false},"excerpt":{"rendered":"<p>Auteur : mardi 19 janvier 2021 14:00 Cependant, l\u2019Argentin n\u2019a pas prolong\u00e9 son bail et sera donc libre de s\u2019engager o\u00f9 il le souhaite \u00e0 l\u2019issue de la saison.\u00a0Manchester\u00a0City\u00a0serait alors \u00e0 l\u2019aff\u00fbt, tout comme le\u00a0PSG. \u00ab\u00a0Les grands joueurs comme Messi seront toujours mis sur la liste du PSG. Mais ce n&rsquo;est bien s\u00fbr pas le [&hellip;]<\/p>\n","protected":false},"author":1738,"featured_media":0,"comment_status":"closed","ping_status":"closed","sticky":false,"template":"","format":"standard","meta":{"fifu_image_url":"\/\/cdn.lebuteur.com\/data\/images\/article\/thumbs\/large-barcelone-messi-aurait-lache-une-bombe-sur-son-avenir-en-interne-3c5cc.jpg","fifu_image_alt":"International : Barcelone : Messi aurait l\u00e2ch\u00e9 une bombe sur son avenir en interne !","footnotes":""},"categories":[53,75],"tags":[],"class_list":["post-109585","post","type-post","status-publish","format-standard","hentry","category-algerie","category-sport"],"_links":{"self":[{"href":"https:\/\/linitiative.ca\/International\/wp-json\/wp\/v2\/posts\/109585","targetHints":{"allow":["GET"]}}],"collection":[{"href":"https:\/\/linitiative.ca\/International\/wp-json\/wp\/v2\/posts"}],"about":[{"href":"https:\/\/linitiative.ca\/International\/wp-json\/wp\/v2\/types\/post"}],"author":[{"embeddable":true,"href":"https:\/\/linitiative.ca\/International\/wp-json\/wp\/v2\/users\/1738"}],"replies":[{"embeddable":true,"href":"https:\/\/linitiative.ca\/International\/wp-json\/wp\/v2\/comments?post=109585"}],"version-history":[{"count":0,"href":"https:\/\/linitiative.ca\/International\/wp-json\/wp\/v2\/posts\/109585\/revisions"}],"wp:attachment":[{"href":"https:\/\/linitiative.ca\/International\/wp-json\/wp\/v2\/media?parent=109585"}],"wp:term":[{"taxonomy":"category","embeddable":true,"href":"https:\/\/linitiative.ca\/International\/wp-json\/wp\/v2\/categories?post=109585"},{"taxonomy":"post_tag","embeddable":true,"href":"https:\/\/linitiative.ca\/International\/wp-json\/wp\/v2\/tags?post=109585"}],"curies":[{"name":"wp","href":"https:\/\/api.w.org\/{rel}","templated":true}]}}