{"id":109587,"date":"2021-01-19T15:14:22","date_gmt":"2021-01-19T20:14:22","guid":{"rendered":"https:\/\/linitiative.ca\/International\/international-real-pour-zidane-jovic-a-sa-part-de-responsabilite\/"},"modified":"2021-01-19T15:14:22","modified_gmt":"2021-01-19T20:14:22","slug":"international-real-pour-zidane-jovic-a-sa-part-de-responsabilite","status":"publish","type":"post","link":"https:\/\/linitiative.ca\/International\/international-real-pour-zidane-jovic-a-sa-part-de-responsabilite\/","title":{"rendered":"International : Real : Pour Zidane, Jovic a sa part de responsabilit\u00e9"},"content":{"rendered":"<div readability=\"32\">\n<p>Auteur : <span class=\"time\">mardi 19 janvier 2021 19:45<\/span><\/p>\n<\/div>\n<div id=\"post_core\" readability=\"53\">\n<p>Recrut\u00e9 pour concurrencer Karim Benzema, il n\u2019a \u00e9t\u00e9 que sa doublure et s\u2019est m\u00eame fait prendre\u00a0sa place par Mariano Diaz. Il est donc reparti dans son ancien club, l\u00e0 o\u00f9 il a litt\u00e9ralement explos\u00e9\u00a0: l\u2019Eintracht Francfort. Et d\u00e8s son premier match, le Serbe a claqu\u00e9 un doubl\u00e9. Les journalistes se sont donc empress\u00e9s d\u2019en parler \u00e0 son ancien entra\u00eeneur, Zinedine Zidane. Et l\u2019ancien num\u00e9ro dix de l&rsquo;Equipe de France n\u2019y est pas all\u00e9 de main morte.<\/p>\n<p>\u00ab\u00a0C\u2019est facile de dire que c\u2019est de ma faute. J\u2019aime toujours mes joueurs, tous mes joueurs. Quand on parlait de Reguilon, c\u2019\u00e9tait aussi de ma faute\u00a0\u00bb se d\u00e9fend Zizou. Il ajoute\u00a0: \u00ab\u00a0Quand les joueurs restent ici, ils savent ce que cela implique. C\u2019est difficile, je l\u2019ai v\u00e9cu comme joueur. Jouer ici ou ailleurs, c\u2019est diff\u00e9rent. Ici, il faut prouver plus qu\u2019ailleurs et faire avec une concurrence tr\u00e8s forte \u00e0 tous les postes. La faute n\u2019est pas que du coach, il y a aussi une part de responsabilit\u00e9 du joueur\u00a0\u00bb. Des propos relay\u00e9s par Onzemondial.<\/p>\n<p><strong>Publi\u00e9 dans :<\/strong> <span>real madrid<\/span><\/p>\n<\/div>\n<p>Auteur:<br \/>\n<a href=\"http:\/\/www.lebuteur.com\/article\/detail?titre=real-pour-zidane-jovic-a-sa-part-de-responsabilite&#038;id=98778&#038;utm_source=feedburner&#038;utm_medium=feed&#038;utm_campaign=Feed%3A+GalerieFArtciles+%28Les+derniers+articles++-+lebuteur.com%29\">Cliquez ici pour lire l&rsquo;article depuis sa source.<\/a><\/p>\n","protected":false},"excerpt":{"rendered":"<p>Auteur : mardi 19 janvier 2021 19:45 Recrut\u00e9 pour concurrencer Karim Benzema, il n\u2019a \u00e9t\u00e9 que sa doublure et s\u2019est m\u00eame fait prendre\u00a0sa place par Mariano Diaz. Il est donc reparti dans son ancien club, l\u00e0 o\u00f9 il a litt\u00e9ralement explos\u00e9\u00a0: l\u2019Eintracht Francfort. Et d\u00e8s son premier match, le Serbe a claqu\u00e9 un doubl\u00e9. Les [&hellip;]<\/p>\n","protected":false},"author":1738,"featured_media":0,"comment_status":"closed","ping_status":"closed","sticky":false,"template":"","format":"standard","meta":{"fifu_image_url":"\/\/cdn.lebuteur.com\/data\/images\/article\/thumbs\/large-real-pour-zidane-jovic-a-sa-part-de-responsabilite-abcfd.jpg","fifu_image_alt":"International : Real : Pour Zidane, Jovic a sa part de responsabilit\u00e9","footnotes":""},"categories":[53,75],"tags":[],"class_list":["post-109587","post","type-post","status-publish","format-standard","hentry","category-algerie","category-sport"],"_links":{"self":[{"href":"https:\/\/linitiative.ca\/International\/wp-json\/wp\/v2\/posts\/109587","targetHints":{"allow":["GET"]}}],"collection":[{"href":"https:\/\/linitiative.ca\/International\/wp-json\/wp\/v2\/posts"}],"about":[{"href":"https:\/\/linitiative.ca\/International\/wp-json\/wp\/v2\/types\/post"}],"author":[{"embeddable":true,"href":"https:\/\/linitiative.ca\/International\/wp-json\/wp\/v2\/users\/1738"}],"replies":[{"embeddable":true,"href":"https:\/\/linitiative.ca\/International\/wp-json\/wp\/v2\/comments?post=109587"}],"version-history":[{"count":0,"href":"https:\/\/linitiative.ca\/International\/wp-json\/wp\/v2\/posts\/109587\/revisions"}],"wp:attachment":[{"href":"https:\/\/linitiative.ca\/International\/wp-json\/wp\/v2\/media?parent=109587"}],"wp:term":[{"taxonomy":"category","embeddable":true,"href":"https:\/\/linitiative.ca\/International\/wp-json\/wp\/v2\/categories?post=109587"},{"taxonomy":"post_tag","embeddable":true,"href":"https:\/\/linitiative.ca\/International\/wp-json\/wp\/v2\/tags?post=109587"}],"curies":[{"name":"wp","href":"https:\/\/api.w.org\/{rel}","templated":true}]}}