{"id":109594,"date":"2021-01-19T05:00:00","date_gmt":"2021-01-19T10:00:00","guid":{"rendered":"https:\/\/linitiative.ca\/International\/la-reponse-de-ouadjaout\/"},"modified":"2021-01-19T05:00:00","modified_gmt":"2021-01-19T10:00:00","slug":"la-reponse-de-ouadjaout","status":"publish","type":"post","link":"https:\/\/linitiative.ca\/International\/la-reponse-de-ouadjaout\/","title":{"rendered":"La r\u00e9ponse de Ouadjaout"},"content":{"rendered":"<p>Pour r\u00e9pondre aux nombreuses pr\u00e9occupations soulev\u00e9es par les syndicats de son secteur, le ministre de l&rsquo;\u00c9ducation nationale a proc\u00e9d\u00e9 \u00e0 l&rsquo;installation d&rsquo;une commission charg\u00e9e de r\u00e9ceptionner les dol\u00e9ances et d&rsquo;y r\u00e9pondre. C\u2019est l&rsquo;inspecteur g\u00e9n\u00e9ral du minist\u00e8re de l&rsquo;\u00c9ducation qui la pr\u00e9side. Les syndicats sont invit\u00e9s \u00e0 prendre attache avec ce dernier pour s\u2019enqu\u00e9rir de l&rsquo;\u00e9tat d&rsquo;avancement des dossiers en instance, ou pour soulever de nouvelles situations probl\u00e9matiques.<\/p>\n<p>Auteur:<br \/>\n<a href=\"https:\/\/www.lesoirdalgerie.com\/periscoop\/la-reponse-de-ouadjaout-54856\">Cliquez ici pour lire l&rsquo;article depuis sa source.<\/a><\/p>\n","protected":false},"excerpt":{"rendered":"<p>Pour r\u00e9pondre aux nombreuses pr\u00e9occupations soulev\u00e9es par les syndicats de son secteur, le ministre de l&rsquo;\u00c9ducation nationale a proc\u00e9d\u00e9 \u00e0 l&rsquo;installation d&rsquo;une commission charg\u00e9e de r\u00e9ceptionner les dol\u00e9ances et d&rsquo;y r\u00e9pondre. C\u2019est l&rsquo;inspecteur g\u00e9n\u00e9ral du minist\u00e8re de l&rsquo;\u00c9ducation qui la pr\u00e9side. Les syndicats sont invit\u00e9s \u00e0 prendre attache avec ce dernier pour s\u2019enqu\u00e9rir de l&rsquo;\u00e9tat [&hellip;]<\/p>\n","protected":false},"author":1741,"featured_media":0,"comment_status":"closed","ping_status":"closed","sticky":false,"template":"","format":"standard","meta":{"fifu_image_url":"","fifu_image_alt":"","footnotes":""},"categories":[73,53],"tags":[],"class_list":["post-109594","post","type-post","status-publish","format-standard","hentry","category-actualite","category-algerie"],"_links":{"self":[{"href":"https:\/\/linitiative.ca\/International\/wp-json\/wp\/v2\/posts\/109594","targetHints":{"allow":["GET"]}}],"collection":[{"href":"https:\/\/linitiative.ca\/International\/wp-json\/wp\/v2\/posts"}],"about":[{"href":"https:\/\/linitiative.ca\/International\/wp-json\/wp\/v2\/types\/post"}],"author":[{"embeddable":true,"href":"https:\/\/linitiative.ca\/International\/wp-json\/wp\/v2\/users\/1741"}],"replies":[{"embeddable":true,"href":"https:\/\/linitiative.ca\/International\/wp-json\/wp\/v2\/comments?post=109594"}],"version-history":[{"count":0,"href":"https:\/\/linitiative.ca\/International\/wp-json\/wp\/v2\/posts\/109594\/revisions"}],"wp:attachment":[{"href":"https:\/\/linitiative.ca\/International\/wp-json\/wp\/v2\/media?parent=109594"}],"wp:term":[{"taxonomy":"category","embeddable":true,"href":"https:\/\/linitiative.ca\/International\/wp-json\/wp\/v2\/categories?post=109594"},{"taxonomy":"post_tag","embeddable":true,"href":"https:\/\/linitiative.ca\/International\/wp-json\/wp\/v2\/tags?post=109594"}],"curies":[{"name":"wp","href":"https:\/\/api.w.org\/{rel}","templated":true}]}}