{"id":109595,"date":"2021-01-19T05:00:00","date_gmt":"2021-01-19T10:00:00","guid":{"rendered":"https:\/\/linitiative.ca\/International\/nouveau-siege\/"},"modified":"2021-01-19T05:00:00","modified_gmt":"2021-01-19T10:00:00","slug":"nouveau-siege","status":"publish","type":"post","link":"https:\/\/linitiative.ca\/International\/nouveau-siege\/","title":{"rendered":"Nouveau si\u00e8ge"},"content":{"rendered":"<p>Le minist\u00e8re de la Communication inaugure l\u2019ann\u00e9e 2021 avec la r\u00e9ception de son nouveau si\u00e8ge o\u00f9 il s\u2019est d\u00e9sormais install\u00e9. Situ\u00e9 \u00e0 quelques m\u00e8tres de l\u2019ancien, le nouveau si\u00e8ge du minist\u00e8re est une immense b\u00e2tisse de onze \u00e9tages qui devrait accueillir \u00e9galement d\u2019autres instances comme l\u2019Autorit\u00e9 de r\u00e9gulation de l\u2019audiovisuel, Arav.<\/p>\n<p>Auteur:<br \/>\n<a href=\"https:\/\/www.lesoirdalgerie.com\/periscoop\/nouveau-siege-54855\">Cliquez ici pour lire l&rsquo;article depuis sa source.<\/a><\/p>\n","protected":false},"excerpt":{"rendered":"<p>Le minist\u00e8re de la Communication inaugure l\u2019ann\u00e9e 2021 avec la r\u00e9ception de son nouveau si\u00e8ge o\u00f9 il s\u2019est d\u00e9sormais install\u00e9. Situ\u00e9 \u00e0 quelques m\u00e8tres de l\u2019ancien, le nouveau si\u00e8ge du minist\u00e8re est une immense b\u00e2tisse de onze \u00e9tages qui devrait accueillir \u00e9galement d\u2019autres instances comme l\u2019Autorit\u00e9 de r\u00e9gulation de l\u2019audiovisuel, Arav. Auteur: Cliquez ici pour [&hellip;]<\/p>\n","protected":false},"author":1741,"featured_media":0,"comment_status":"closed","ping_status":"closed","sticky":false,"template":"","format":"standard","meta":{"fifu_image_url":"","fifu_image_alt":"","footnotes":""},"categories":[73,53],"tags":[],"class_list":["post-109595","post","type-post","status-publish","format-standard","hentry","category-actualite","category-algerie"],"_links":{"self":[{"href":"https:\/\/linitiative.ca\/International\/wp-json\/wp\/v2\/posts\/109595","targetHints":{"allow":["GET"]}}],"collection":[{"href":"https:\/\/linitiative.ca\/International\/wp-json\/wp\/v2\/posts"}],"about":[{"href":"https:\/\/linitiative.ca\/International\/wp-json\/wp\/v2\/types\/post"}],"author":[{"embeddable":true,"href":"https:\/\/linitiative.ca\/International\/wp-json\/wp\/v2\/users\/1741"}],"replies":[{"embeddable":true,"href":"https:\/\/linitiative.ca\/International\/wp-json\/wp\/v2\/comments?post=109595"}],"version-history":[{"count":0,"href":"https:\/\/linitiative.ca\/International\/wp-json\/wp\/v2\/posts\/109595\/revisions"}],"wp:attachment":[{"href":"https:\/\/linitiative.ca\/International\/wp-json\/wp\/v2\/media?parent=109595"}],"wp:term":[{"taxonomy":"category","embeddable":true,"href":"https:\/\/linitiative.ca\/International\/wp-json\/wp\/v2\/categories?post=109595"},{"taxonomy":"post_tag","embeddable":true,"href":"https:\/\/linitiative.ca\/International\/wp-json\/wp\/v2\/tags?post=109595"}],"curies":[{"name":"wp","href":"https:\/\/api.w.org\/{rel}","templated":true}]}}