{"id":109599,"date":"2021-01-19T10:25:04","date_gmt":"2021-01-19T15:25:04","guid":{"rendered":"https:\/\/linitiative.ca\/International\/nexans-nouvelle-usine-a-nouaceur\/"},"modified":"2021-01-19T10:25:04","modified_gmt":"2021-01-19T15:25:04","slug":"nexans-nouvelle-usine-a-nouaceur","status":"publish","type":"post","link":"https:\/\/linitiative.ca\/International\/nexans-nouvelle-usine-a-nouaceur\/","title":{"rendered":"Nexans : nouvelle usine \u00e0 Nouaceur"},"content":{"rendered":"<p><strong>Le Groupe Nexas a inaugur\u00e9 \u00e0 Nouaceur une nouvelle usine pour la Business Unit Telecom Systems qui produira des accessoires de connectorisation de c\u00e2bles \u00e0 fibre optique pour les applications FTTH (fibre optique jusqu\u2019au domicile), 5G, Data center et LAN (r\u00e9seau informatique local).<\/strong><\/p>\n<p>Ce nouveau site, situ\u00e9 dans la zone d\u2019acc\u00e9l\u00e9ration industrielle de Nouaceur (Midparc), est \u00e9difi\u00e9 sur 6000 m\u00b2 dont 3000 m\u00b2 d\u2019atelier de production. Il emploiera entre 250 et 300 personnes \u00e0 l\u2019horizon 2022.\u00a0L\u2019usine permettra au Groupe d\u2019augmenter sa capacit\u00e9 de production, tout en \u00e9largissant sa gamme de produits en proposant de nouveaux services d\u2019optimisation de la supply chain, de pr\u00e9c\u00e2blage de composants et de connectorisation de c\u00e2bles. Elle servira le march\u00e9 europ\u00e9en, ainsi que celui nord-africain.<\/p>\n<div class=\"c10\"\/>\n<p><strong>Lire aussi : <a rel=\"noreferrer noopener\" href=\"https:\/\/www.challenge.ma\/strategie-kia-maroc-devoile-ses-nouvelles-ambitions-pour-2021-172453\/\" target=\"_blank\">Strat\u00e9gie : Kia Maroc d\u00e9voile ses nouvelles ambitions pour 2021<\/a><\/strong><\/p>\n<p>\u00ab\u00a0Ce nouvel investissement au Maroc du leader industriel Nexans, en phase avec la strat\u00e9gie europ\u00e9enne de rationalisation de la supply chain, t\u00e9moigne de la comp\u00e9titivit\u00e9 du Maroc et de la r\u00e9silience du secteur industriel national dans ce contexte de crise\u00a0\u00bb, a soulign\u00e9 Moulay Hafid Elalamy, ministre du Commerce, de l\u2019Industrie et de l\u2019\u00c9conomie verte et num\u00e9rique \u00e0 cette occasion. De son c\u00f4t\u00e9, Julien Hueber, Executive Vice President du Business Group Industry Solutions &amp; Projects de Nexans, a fait savoir que cette nouvelle unit\u00e9 de production \u00ab\u00a0permet de poursuivre notre strat\u00e9gie de d\u00e9veloppement dans cette r\u00e9gion \u00e0 forte croissance et d\u2019avoir une pr\u00e9sence locale sur le march\u00e9 nord-ouest africain\u00a0\u00bb. Cet investissement \u00ab\u00a0illustre la volont\u00e9 du Groupe de mieux servir ses clients, en am\u00e9liorant notre r\u00e9activit\u00e9 et la qualit\u00e9 de nos produits, et en offrant des services avec notre gamme de produits t\u00e9l\u00e9coms et datacom\u00a0\u00bb, a-t-il soutenu.<\/p>\n<p><strong>Lire aussi | <a href=\"https:\/\/www.challenge.ma\/coronavirus-le-gouvernement-prolonge-les-mesures-de-restriction-en-vigueur-de-2-semaines-172443\/\" target=\"_blank\" rel=\"noreferrer noopener\">Coronavirus : le gouvernement prolonge les mesures de restriction en vigueur de 2 semaines<\/a><\/strong><\/p>\n<p>Pour rappel, Nexans est un acteur mondial de l\u2019industrie du c\u00e2ble. Depuis plus de 120 ans, il met \u00e0 la disposition de ses clients des technologies de c\u00e2blage de pointe pour la transmission d\u2019\u00e9nergie et de donn\u00e9es. \u00a0Fort d\u2019une pr\u00e9sence industrielle dans 34 pays et d\u2019activit\u00e9s commerciales dans le monde entier, Nexans emploie pr\u00e8s de 26.000 personnes. En 2019, le Groupe a r\u00e9alis\u00e9 un chiffre d\u2019affaires de 6,7 milliards d\u2019euros.<\/p>\n<p>Avec MAP<\/p>\n<p>Auteur: Karim Handaoui<br \/>\n<a href=\"https:\/\/www.challenge.ma\/nexans-nouvelle-usine-a-nouaceur-172461\/\">Cliquez ici pour lire l&rsquo;article depuis sa source.<\/a><\/p>\n","protected":false},"excerpt":{"rendered":"<p>Le Groupe Nexas a inaugur\u00e9 \u00e0 Nouaceur une nouvelle usine pour la Business Unit Telecom Systems qui produira des accessoires de connectorisation de c\u00e2bles \u00e0 fibre optique pour les applications FTTH (fibre optique jusqu\u2019au domicile), 5G, Data center et LAN (r\u00e9seau informatique local). Ce nouveau site, situ\u00e9 dans la zone d\u2019acc\u00e9l\u00e9ration industrielle de Nouaceur (Midparc), [&hellip;]<\/p>\n","protected":false},"author":1787,"featured_media":0,"comment_status":"closed","ping_status":"closed","sticky":false,"template":"","format":"standard","meta":{"fifu_image_url":"","fifu_image_alt":"","footnotes":""},"categories":[78,54],"tags":[],"class_list":["post-109599","post","type-post","status-publish","format-standard","hentry","category-economie","category-maroc"],"_links":{"self":[{"href":"https:\/\/linitiative.ca\/International\/wp-json\/wp\/v2\/posts\/109599","targetHints":{"allow":["GET"]}}],"collection":[{"href":"https:\/\/linitiative.ca\/International\/wp-json\/wp\/v2\/posts"}],"about":[{"href":"https:\/\/linitiative.ca\/International\/wp-json\/wp\/v2\/types\/post"}],"author":[{"embeddable":true,"href":"https:\/\/linitiative.ca\/International\/wp-json\/wp\/v2\/users\/1787"}],"replies":[{"embeddable":true,"href":"https:\/\/linitiative.ca\/International\/wp-json\/wp\/v2\/comments?post=109599"}],"version-history":[{"count":0,"href":"https:\/\/linitiative.ca\/International\/wp-json\/wp\/v2\/posts\/109599\/revisions"}],"wp:attachment":[{"href":"https:\/\/linitiative.ca\/International\/wp-json\/wp\/v2\/media?parent=109599"}],"wp:term":[{"taxonomy":"category","embeddable":true,"href":"https:\/\/linitiative.ca\/International\/wp-json\/wp\/v2\/categories?post=109599"},{"taxonomy":"post_tag","embeddable":true,"href":"https:\/\/linitiative.ca\/International\/wp-json\/wp\/v2\/tags?post=109599"}],"curies":[{"name":"wp","href":"https:\/\/api.w.org\/{rel}","templated":true}]}}