{"id":109600,"date":"2021-01-19T10:47:02","date_gmt":"2021-01-19T15:47:02","guid":{"rendered":"https:\/\/linitiative.ca\/International\/vrai-ou-fake-sur-la-covid-19-au-maroc-mardi-19-janvier\/"},"modified":"2021-01-19T10:47:02","modified_gmt":"2021-01-19T15:47:02","slug":"vrai-ou-fake-sur-la-covid-19-au-maroc-mardi-19-janvier","status":"publish","type":"post","link":"https:\/\/linitiative.ca\/International\/vrai-ou-fake-sur-la-covid-19-au-maroc-mardi-19-janvier\/","title":{"rendered":"Vrai ou Fake sur la Covid-19 au Maroc, mardi 19 janvier"},"content":{"rendered":"<p><strong>Le coronavirus, qui a contamin\u00e9 plus de 95 millions de personnes dans le monde, est \u00e0 l\u2019origine d\u2019un flot de Fake news relay\u00e9es par des sites d\u2019information et sur les r\u00e9seaux sociaux.<\/strong><\/p>\n<div class=\"c10\"\/>\n<p>\u2013 Le gouvernement a d\u00e9cid\u00e9 de prolonger de deux semaines, \u00e0 compter de ce 19 janvier \u00e0 21h, les mesures de pr\u00e9caution adopt\u00e9es le 13 janvier pour lutter contre le coronavirus au Maroc. <strong>VRAI<\/strong><\/p>\n<p>\u2013 Des gels non virucides sont vendus dans les pharmacies et par des entreprises au Maroc. <strong>FAKE<\/strong><\/p>\n<p>\u2013 Le masque en tissu serait une barri\u00e8re moins efficace pour contrer les nouvelles souches du coronavirus. <strong>VRAI<\/strong><\/p>\n<p><strong>Lire aussi : <a href=\"https:\/\/www.challenge.ma\/coronavirus-le-gouvernement-prolonge-les-mesures-de-restriction-en-vigueur-de-2-semaines-172443\/\">Coronavirus : le gouvernement prolonge les mesures de restriction en vigueur de 2 semaines<\/a><\/strong><\/p>\n<p>\u2013 La date de lancement de la campagne de vaccination au Maroc a \u00e9t\u00e9 fix\u00e9e au 25 janvier. <strong>FAKE<\/strong><\/p>\n<p>\u2013 Le Maroc a enregistr\u00e9, lundi 18 janvier, son premier cas du variant britannique du Covid-19. <strong>VRAI<\/strong><\/p>\n<p>\u2013 L\u2019op\u00e9ration de vaccination anti-Covid-19 va couvrir aussi les citoyens de moins de 18 ans. <strong>FAKE<\/strong><\/p>\n<p><strong>Lire aussi :<\/strong> <a href=\"https:\/\/www.challenge.ma\/masque-en-tissu-voici-les-nouvelles-recommandations-172426\/\"><strong>Masque en tissu :\u00a0voici les nouvelles recommandations<\/strong><\/a><\/p>\n<p>Auteur: Hajar DARI<br \/>\n<a href=\"https:\/\/www.challenge.ma\/vrai-ou-fake-sur-la-covid-19-au-maroc-mardi-19-janvier-172449\/\">Cliquez ici pour lire l&rsquo;article depuis sa source.<\/a><\/p>\n","protected":false},"excerpt":{"rendered":"<p>Le coronavirus, qui a contamin\u00e9 plus de 95 millions de personnes dans le monde, est \u00e0 l\u2019origine d\u2019un flot de Fake news relay\u00e9es par des sites d\u2019information et sur les r\u00e9seaux sociaux. \u2013 Le gouvernement a d\u00e9cid\u00e9 de prolonger de deux semaines, \u00e0 compter de ce 19 janvier \u00e0 21h, les mesures de pr\u00e9caution adopt\u00e9es [&hellip;]<\/p>\n","protected":false},"author":1787,"featured_media":0,"comment_status":"closed","ping_status":"closed","sticky":false,"template":"","format":"standard","meta":{"fifu_image_url":"","fifu_image_alt":"","footnotes":""},"categories":[78,54],"tags":[],"class_list":["post-109600","post","type-post","status-publish","format-standard","hentry","category-economie","category-maroc"],"_links":{"self":[{"href":"https:\/\/linitiative.ca\/International\/wp-json\/wp\/v2\/posts\/109600","targetHints":{"allow":["GET"]}}],"collection":[{"href":"https:\/\/linitiative.ca\/International\/wp-json\/wp\/v2\/posts"}],"about":[{"href":"https:\/\/linitiative.ca\/International\/wp-json\/wp\/v2\/types\/post"}],"author":[{"embeddable":true,"href":"https:\/\/linitiative.ca\/International\/wp-json\/wp\/v2\/users\/1787"}],"replies":[{"embeddable":true,"href":"https:\/\/linitiative.ca\/International\/wp-json\/wp\/v2\/comments?post=109600"}],"version-history":[{"count":0,"href":"https:\/\/linitiative.ca\/International\/wp-json\/wp\/v2\/posts\/109600\/revisions"}],"wp:attachment":[{"href":"https:\/\/linitiative.ca\/International\/wp-json\/wp\/v2\/media?parent=109600"}],"wp:term":[{"taxonomy":"category","embeddable":true,"href":"https:\/\/linitiative.ca\/International\/wp-json\/wp\/v2\/categories?post=109600"},{"taxonomy":"post_tag","embeddable":true,"href":"https:\/\/linitiative.ca\/International\/wp-json\/wp\/v2\/tags?post=109600"}],"curies":[{"name":"wp","href":"https:\/\/api.w.org\/{rel}","templated":true}]}}