{"id":109604,"date":"2021-01-19T16:38:57","date_gmt":"2021-01-19T21:38:57","guid":{"rendered":"https:\/\/linitiative.ca\/International\/tunisie-audio-lecture-dans-le-discours-de-mechichi-par-imed-ben-hlima\/"},"modified":"2021-01-19T16:38:57","modified_gmt":"2021-01-19T21:38:57","slug":"tunisie-audio-lecture-dans-le-discours-de-mechichi-par-imed-ben-hlima","status":"publish","type":"post","link":"https:\/\/linitiative.ca\/International\/tunisie-audio-lecture-dans-le-discours-de-mechichi-par-imed-ben-hlima\/","title":{"rendered":"Tunisie \u2013 AUDIO\u00a0: Lecture dans le discours de Mechichi par Imed Ben Hlima"},"content":{"rendered":"<div class=\"post-cont-in left relative\">\n<div id=\"post-info-wrap\" class=\"left relative post-info-out\">\n<div class=\"post-info-img left relative\"><img loading=\"lazy\" decoding=\"async\" alt=\"\" src=\"https:\/\/secure.gravatar.com\/avatar\/047123be9d5e8513774383916ee72db2?s=50&amp;d=mm&amp;r=g\" srcset=\"https:\/\/secure.gravatar.com\/avatar\/047123be9d5e8513774383916ee72db2?s=100&amp;d=mm&amp;r=g 2x\" class=\"avatar avatar-50 photo\" height=\"50\" width=\"50\"\/><\/div>\n<div class=\"post-info-in\">\n<div class=\"post-info-right left relative post-info-name left relative\"><span><span class=\"post-info-text\">Par<\/span> <span class=\"author-name vcard fn author\"><a href=\"https:\/\/www.tunisienumerique.com\/author\/lm\/\" title=\"Articles par LM\" rel=\"author\">LM<\/a><\/span><\/span> <span class=\"post-date updated\"><time class=\"post-date updated\" datetime=\"2021-01-19\">\u00a0| Il y a 30 secondes<\/time><\/span><\/div>\n<div class=\"left relative\"><button id=\"listenButton1\" class=\"responsivevoice-button\" type=\"button\" value=\"Play\" title=\"&#xC9;coutez l'article\"><span>\ud83d\udd0a \u00c9coutez l&rsquo;article<\/span><\/button> <\/div>\n<\/div>\n<\/div>\n<p>L\u2019avocat et activiste politique, Imed Ben Hlima, a fait part, \u00e0 TunisieNumerique de sa lecture de la forme du discours tenu, ce soir, pat Hichem Mechichi \u00e0 la Nation.<\/p>\n<div class=\"code-block code-block-1 c4\"><ins class=\"adsbygoogle c3\" data-ad-layout=\"in-article\" data-ad-format=\"fluid\" data-ad-client=\"ca-pub-2102118777505746\" data-ad-slot=\"7301775417\"\/> <\/div>\n<p>Ben Hlima a reproch\u00e9 au chef dugouvernement de parler aux jeunes, pour la plupart d\u2019un niveau d\u2019\u00e9ducation limit\u00e9, dans un arabe litt\u00e9raire, incompr\u00e9hensible par la plupart d\u2019entre eux. Il lui a reproch\u00e9 son attitude avec un visage fig\u00e9, sans aucune expression, des mains tremblante, et qui lit son discours dans une feuille qui lui avait \u00e9t\u00e9 pr\u00e9par\u00e9e, laissant comprendre qu\u2019il ne saisissait rien \u00e0 la r\u00e9alit\u00e9 de la soci\u00e9t\u00e9.<\/p>\n<p>Dans le fond, le discours \u00e9tait, selon Ben Hlima, aussi d\u00e9cevant, montrant un gouvernement en rupture totale avec la r\u00e9alit\u00e9 de la soci\u00e9t\u00e9. Puisqu\u2019il n\u2019a pr\u00e9sent\u00e9 aucune mesure concr\u00e8te, et qu\u2019il s\u2019est content\u00e9 de vendre aux jeunes affam\u00e9s, des r\u00eaves. Ce qui laisse entrevoir qu\u2019il n\u2019a aucune connaissance des \u00e9v\u00e8nements et de leurs causes.<\/p>\n<p>Ben Hlima a, par ailleurs, d\u00e9plor\u00e9 la dose de menace que renfermait ce discours, quand il a parl\u00e9 de r\u00e9pression et de la force de la loi. Ben Hlima a assur\u00e9 que ce langage lui a rappel\u00e9 le discours de ben Ali en 2011, quand il parlait de r\u00e9pression avec vigueur des troubles d\u2019alors.<\/p>\n<p>Ben Hlima a conclu que ce discours a servi \u00e0 Mechichi de ne pas se rendre, demain, \u00e0 l\u2019ARP, pour y \u00eatre auditionn\u00e9 en sa qualit\u00e9 de ministre de l\u2019int\u00e9rieur, par int\u00e9rim.<\/p>\n<p><a href=\"https:\/\/www.tunisienumerique.com\/wp-content\/uploads\/2021\/01\/IBH.mp3\">https:\/\/www.tunisienumerique.com\/wp-content\/uploads\/2021\/01\/IBH.mp3<\/a><\/p>\n<div class=\"swp_social_panel swp_horizontal_panel swp_flat_fresh swp_default_full_color swp_individual_full_color swp_other_full_color scale-100 scale-\" data-min-width=\"1100\" data-float-color=\"#ffffff\" data-float=\"bottom\" data-float-mobile=\"bottom\" data-transition=\"slide\">\n<div class=\"nc_tweetContainer swp_share_button total_shares total_sharesalt\"><span class=\"swp_count\">0 <span class=\"swp_label\">Partages<\/span><\/span><\/div>\n<\/div>\n<p><strong>Que se passe-t-il en Tunisie?<\/strong><br \/>Nous expliquons sur notre <a href=\"https:\/\/www.youtube.com\/channel\/UCRzypVq0B_yBad5eGrwBx0Q?sub_confirmation=1\" target=\"_blank\" rel=\"noopener\">cha\u00eene YouTube<\/a> . <a href=\"https:\/\/www.youtube.com\/channel\/UCRzypVq0B_yBad5eGrwBx0Q?sub_confirmation=1\" target=\"_blank\" rel=\"noopener\">Abonnez-vous!<\/a><\/p>\n<div class=\"mvp-org-wrap mvp-org-logo\" itemprop=\"publisher\"><img decoding=\"async\" src=\"https:\/\/www.tunisienumerique.com\/wp-content\/uploads\/2017\/02\/logo_tunisie_numerique.png\"\/><\/div>\n<div class=\"mvp-related-posts left relative\">\n<h4 class=\"post-header\"><span class=\"post-header\">Lire aussi<\/span><\/h4>\n<\/div>\n<div id=\"article-ad\"><ins class=\"adsbygoogle c5\" data-ad-client=\"ca-pub-2102118777505746\" data-ad-slot=\"6513972734\" data-ad-format=\"auto\" data-full-width-responsive=\"true\"\/> <\/div>\n<\/div>\n<div id=\"post-sidebar-wrap\"><ins class=\"adsbygoogle c5\" data-ad-client=\"ca-pub-2102118777505746\" data-ad-slot=\"6168283410\" data-ad-format=\"auto\" data-full-width-responsive=\"true\"\/> <\/div>\n<p>Auteur: LM<br \/>\n<a href=\"https:\/\/www.tunisienumerique.com\/tunisie-audio-lecture-dans-le-discours-de-mechichi-par-imed-ben-hlima\/\">Cliquez ici pour lire l&rsquo;article depuis sa source.<\/a><\/p>\n","protected":false},"excerpt":{"rendered":"<p>Par LM \u00a0| Il y a 30 secondes \ud83d\udd0a \u00c9coutez l&rsquo;article L\u2019avocat et activiste politique, Imed Ben Hlima, a fait part, \u00e0 TunisieNumerique de sa lecture de la forme du discours tenu, ce soir, pat Hichem Mechichi \u00e0 la Nation. Ben Hlima a reproch\u00e9 au chef dugouvernement de parler aux jeunes, pour la plupart d\u2019un [&hellip;]<\/p>\n","protected":false},"author":1789,"featured_media":0,"comment_status":"closed","ping_status":"closed","sticky":false,"template":"","format":"standard","meta":{"fifu_image_url":"https:\/\/secure.gravatar.com\/avatar\/047123be9d5e8513774383916ee72db2?s=50&d=mm&r=g","fifu_image_alt":"Tunisie \u2013 AUDIO\u00a0: Lecture dans le discours de Mechichi par Imed Ben Hlima","footnotes":""},"categories":[73,55],"tags":[],"class_list":["post-109604","post","type-post","status-publish","format-standard","hentry","category-actualite","category-tunisie"],"_links":{"self":[{"href":"https:\/\/linitiative.ca\/International\/wp-json\/wp\/v2\/posts\/109604","targetHints":{"allow":["GET"]}}],"collection":[{"href":"https:\/\/linitiative.ca\/International\/wp-json\/wp\/v2\/posts"}],"about":[{"href":"https:\/\/linitiative.ca\/International\/wp-json\/wp\/v2\/types\/post"}],"author":[{"embeddable":true,"href":"https:\/\/linitiative.ca\/International\/wp-json\/wp\/v2\/users\/1789"}],"replies":[{"embeddable":true,"href":"https:\/\/linitiative.ca\/International\/wp-json\/wp\/v2\/comments?post=109604"}],"version-history":[{"count":0,"href":"https:\/\/linitiative.ca\/International\/wp-json\/wp\/v2\/posts\/109604\/revisions"}],"wp:attachment":[{"href":"https:\/\/linitiative.ca\/International\/wp-json\/wp\/v2\/media?parent=109604"}],"wp:term":[{"taxonomy":"category","embeddable":true,"href":"https:\/\/linitiative.ca\/International\/wp-json\/wp\/v2\/categories?post=109604"},{"taxonomy":"post_tag","embeddable":true,"href":"https:\/\/linitiative.ca\/International\/wp-json\/wp\/v2\/tags?post=109604"}],"curies":[{"name":"wp","href":"https:\/\/api.w.org\/{rel}","templated":true}]}}