{"id":109609,"date":"2021-01-19T15:16:52","date_gmt":"2021-01-19T20:16:52","guid":{"rendered":"https:\/\/linitiative.ca\/International\/investiture-de-joe-biden-quest-ce-que-lafrique-peut-en-attendre\/"},"modified":"2021-01-19T15:16:52","modified_gmt":"2021-01-19T20:16:52","slug":"investiture-de-joe-biden-quest-ce-que-lafrique-peut-en-attendre","status":"publish","type":"post","link":"https:\/\/linitiative.ca\/International\/investiture-de-joe-biden-quest-ce-que-lafrique-peut-en-attendre\/","title":{"rendered":"INVESTITURE DE JOE BIDEN: Qu\u2019est-ce que l\u2019Afrique peut en attendre ?"},"content":{"rendered":"<p class=\"c4\">Aujourd\u2019hui, 20 janvier 2021, la plus grande d\u00e9mocratie du monde investit le\u00a0 46<sup>e<\/sup> pr\u00e9sident de son histoire. Joe Biden succ\u00e8de ainsi \u00e0 Donald Trump qui, en refusant d\u2019admettre sa d\u00e9faite au terme du processus \u00e9lectoral, g\u00e2che ainsi une f\u00eate qui devait donner lieu \u00e0 de grands rassemblements et \u00e0 des sc\u00e8nes de liesse. En effet, \u00e9chaud\u00e9s par l\u2019attaque du Capitole par les \u00ab\u00a0<em>Trumpistes<\/em>\u00a0\u00bb que l\u2019on soup\u00e7onne \u00e0 nouveau de fomenter des manifestations violentes, les services de s\u00e9curit\u00e9 am\u00e9ricains ont barricad\u00e9 la capitale f\u00e9d\u00e9rale, Washington DC, qui ne sera accessible qu\u2019\u00e0 des invit\u00e9s tri\u00e9s sur le volet et qui auront montr\u00e9 patte blanche. Mais ce tour de vis des forces de l\u2019ordre, n\u2019enl\u00e8ve rien \u00e0 la solennit\u00e9 de l\u2019\u00e9v\u00e8nement qui connaitra la pr\u00e9sence de tous les anciens pr\u00e9sidents des Etats-Unis, \u00e0 l\u2019exception de Donald Trump qui continue de faire la moue, ainsi que de nombreuses personnalit\u00e9s et stars am\u00e9ricaines.<\/p>\n<p class=\"c4\">Le constat que l\u2019on peut \u00e9tablir \u00e0 l\u2019occasion de cette investiture qui a lieu malgr\u00e9 tout, est la force des institutions d\u00e9mocratiques am\u00e9ricaines.<\/p>\n<p class=\"c4\"><strong>Le Bureau ovale sera tout sauf un havre de repos<\/strong><\/p>\n<p class=\"c4\">Certes, l\u2019on a pu craindre, au moment de l\u2019attaque du Capitole, pour la d\u00e9mocratie am\u00e9ricaine, mais l\u2019Etat de droit a triomph\u00e9 sur l\u2019\u00e9tat de nature que tentaient d\u2019imposer des illumin\u00e9s de tout acabit.\u00a0 Mais il est vrai que cet \u00e9pisode trouble de l\u2019histoire am\u00e9ricaine, laisse de profondes s\u00e9quelles sur la soci\u00e9t\u00e9, complexifiant du coup la t\u00e2che au nouveau locataire de la Maison Blanche. Le Bureau ovale sera donc tout sauf un havre de repos. Et la premi\u00e8re t\u00e2che qui attend Joe Biden est celle de sa propre s\u00e9curit\u00e9 face \u00e0 des forcen\u00e9s qui semblent sortis tout droit de l\u2019enfer. La question est \u00e0 prendre au s\u00e9rieux quand on sait que dans cette Am\u00e9rique, il y a eu l\u2019ant\u00e9c\u00e9dent du pr\u00e9sident John Kennedy m\u00eame si l\u2019on peut penser que les contextes sont diff\u00e9rents et que les services de s\u00e9curit\u00e9 am\u00e9ricains ont beaucoup appris de cette trag\u00e9die. Mais ce combat pour la s\u00e9curit\u00e9 que Joe Biden doit mener,\u00a0 va au-del\u00e0 de sa propre personne pour embrasser tous les Am\u00e9ricains qui vivent dans une soci\u00e9t\u00e9 de plus en plus divis\u00e9e et menac\u00e9e par le repli identitaire comme l\u2019a montr\u00e9 la r\u00e9cente \u00e9lection pr\u00e9sidentielle. Cette \u00e9quation s\u00e9curitaire est rendue encore plus complexe du fait de la pand\u00e9mie de la Covid-19 qui fait payer au <em>pays de l\u2019Oncle Sam,<\/em> l\u2019un des plus lourds tributs au monde.<\/p>\n<p class=\"c4\">Le second grand d\u00e9fi pour le pr\u00e9sident Joe Biden sera celui du retour de l\u2019Am\u00e9rique sur la sc\u00e8ne internationale apr\u00e8s toutes les frasques dont a fait montre son pr\u00e9d\u00e9cesseur. Certes, sur certaines probl\u00e9matiques comme le r\u00e9chauffement climatique, le nouveau locataire de la Maison Blanche annonce dans l\u2019imm\u00e9diat la rupture mais sur des questions tr\u00e8s sensibles comme le positionnement am\u00e9ricain dans la crise isra\u00e9lo-palestinienne,\u00a0 il sera tr\u00e8s difficile de d\u00e9tricoter les mailles du filet\u00a0 de l\u2019Administration Trump. Mais quoi qu\u2019il en soit, l\u2019homme a le profit de l\u2019emploi. Son parcours personnel, son <em>background<\/em> politique et le <em>casting<\/em> qu\u2019il a op\u00e9r\u00e9 pour former son Administration, ne laissent aucun doute sur ses capacit\u00e9s \u00e0 tourner cette page de \u00ab\u00a0<em>America first<\/em>\u00a0\u00bb pour c\u00e9der la place \u00e0 \u00ab\u00a0<em>America is back<\/em>\u00a0\u00bb.<\/p>\n<p class=\"c4\"><strong>Profiter des opportunit\u00e9s de la nouvelle \u00e8re de multilat\u00e9ralisme dans un partenariat gagnant-gagnant<\/strong><\/p>\n<p class=\"c4\">Cela dit, la question que l\u2019on peut se poser du point de vue de l\u2019Afrique, est la suivante\u00a0: qu\u2019est-ce que le continent peut attendre de l\u2019\u00e8re Joe Biden qui s\u2019ouvre\u00a0? Avant d\u2019y r\u00e9pondre, il faut dire que la majorit\u00e9 des Africains se f\u00e9licitent du d\u00e9part de la Maison Blanche de Donald Trump qui, en quatre ann\u00e9es de pr\u00e9sidence, n\u2019a jamais mis pied en Afrique mais qui n\u2019a pas tari de mots pour traiter le continent de tous les noms d\u2019oiseaux avant de montrer, avec les \u00e9v\u00e8nements r\u00e9cents, que lui-m\u00eame n\u2019est pas un exemple.<\/p>\n<p class=\"c4\">Cela dit, sans\u00a0 se mettre dans la posture du mendiant qui tend la s\u00e9bile, l\u2019on peut tout au moins esp\u00e9rer que le retour annonc\u00e9 de l\u2019Am\u00e9rique sur la sc\u00e8ne internationale, sera profitable \u00e0 l\u2019Afrique. Le retour \u00e0 l\u2019Accord de Paris et sans doute \u00e0 certaines autres organisations et instances internationales comme l\u2019OMS devrait offrir au continent plus de ressources dans sa qu\u00eate d\u2019un\u00a0 mieux-\u00eatre. L\u2019on peut esp\u00e9rer aussi que la r\u00e9orientation de la\u00a0 politique migratoire sera aussi b\u00e9n\u00e9fique \u00e0 l\u2019Afrique qui avait assist\u00e9, impuissante, \u00e0 l\u2019inscription, sur la liste des ressortissants ind\u00e9sirables en Am\u00e9rique, de certains pays du continent. Mais l\u2019une des plus grandes attentes des populations africaines, c\u2019est une plus forte implication de l\u2019arm\u00e9e la plus puissante dans la lutte contre le terrorisme, notamment dans les pays du Sahel o\u00f9 l\u2019Administration Trump avait oppos\u00e9 une fin de non recevoir aux demandes de financement du G5 Sahel, mais aussi affich\u00e9 des vell\u00e9it\u00e9s de retrait. Enfin, la derni\u00e8re attente forte, et\u00a0 pas des moindres vis-\u00e0-vis de l\u2019Administration Biden, c\u2019est une grande fermet\u00e9 vis-\u00e0-vis des dictatures qui ont connu sous l\u2019\u00e8re Trump, un nouveau printemps avec la question des 3<sup>e<\/sup>\u00a0 mandats.\u00a0 Pour le reste, on peut croire \u00e0 une continuit\u00e9 des programmes initi\u00e9s depuis l\u2019\u00e8re Obama comme le <em>Millenium Challenge Account<\/em> ou <em>Doing Business<\/em>. Le plus important n\u2019est cependant pas pour l\u2019Afrique de b\u00e9n\u00e9ficier de la g\u00e9n\u00e9rosit\u00e9 du nouveau pr\u00e9sident am\u00e9ricain,\u00a0 mais c\u2019est surtout de pouvoir profiter des opportunit\u00e9s de la nouvelle \u00e8re de multilat\u00e9ralisme dans un partenariat gagnant-gagnant.<\/p>\n<p class=\"c4\"><strong><em>\u00ab\u00a0Le Pays\u00a0<\/em><\/strong><strong>\u00bb<\/strong><\/p>\n<p class=\"c4\"><strong>\u00a0\u00a0\u00a0\u00a0\u00a0\u00a0<\/strong><\/p>\n<p class=\"c4\"><strong>\u00a0<\/strong><\/p>\n<p>Auteur: Le Pays<br \/>\n<a href=\"https:\/\/lepays.bf\/investiture-de-joe-biden-quest-ce-que-lafrique-peut-en-attendre\/\">Cliquez ici pour lire l&rsquo;article depuis sa source.<\/a><\/p>\n","protected":false},"excerpt":{"rendered":"<p>Aujourd\u2019hui, 20 janvier 2021, la plus grande d\u00e9mocratie du monde investit le\u00a0 46e pr\u00e9sident de son histoire. Joe Biden succ\u00e8de ainsi \u00e0 Donald Trump qui, en refusant d\u2019admettre sa d\u00e9faite au terme du processus \u00e9lectoral, g\u00e2che ainsi une f\u00eate qui devait donner lieu \u00e0 de grands rassemblements et \u00e0 des sc\u00e8nes de liesse. En effet, [&hellip;]<\/p>\n","protected":false},"author":1813,"featured_media":0,"comment_status":"closed","ping_status":"closed","sticky":false,"template":"","format":"standard","meta":{"fifu_image_url":"","fifu_image_alt":"","footnotes":""},"categories":[73,81],"tags":[],"class_list":["post-109609","post","type-post","status-publish","format-standard","hentry","category-actualite","category-burkina-faso"],"_links":{"self":[{"href":"https:\/\/linitiative.ca\/International\/wp-json\/wp\/v2\/posts\/109609","targetHints":{"allow":["GET"]}}],"collection":[{"href":"https:\/\/linitiative.ca\/International\/wp-json\/wp\/v2\/posts"}],"about":[{"href":"https:\/\/linitiative.ca\/International\/wp-json\/wp\/v2\/types\/post"}],"author":[{"embeddable":true,"href":"https:\/\/linitiative.ca\/International\/wp-json\/wp\/v2\/users\/1813"}],"replies":[{"embeddable":true,"href":"https:\/\/linitiative.ca\/International\/wp-json\/wp\/v2\/comments?post=109609"}],"version-history":[{"count":0,"href":"https:\/\/linitiative.ca\/International\/wp-json\/wp\/v2\/posts\/109609\/revisions"}],"wp:attachment":[{"href":"https:\/\/linitiative.ca\/International\/wp-json\/wp\/v2\/media?parent=109609"}],"wp:term":[{"taxonomy":"category","embeddable":true,"href":"https:\/\/linitiative.ca\/International\/wp-json\/wp\/v2\/categories?post=109609"},{"taxonomy":"post_tag","embeddable":true,"href":"https:\/\/linitiative.ca\/International\/wp-json\/wp\/v2\/tags?post=109609"}],"curies":[{"name":"wp","href":"https:\/\/api.w.org\/{rel}","templated":true}]}}