{"id":109612,"date":"2021-01-19T15:09:18","date_gmt":"2021-01-19T20:09:18","guid":{"rendered":"https:\/\/linitiative.ca\/International\/le-map-quitte-le-cfop\/"},"modified":"2021-01-19T15:09:18","modified_gmt":"2021-01-19T20:09:18","slug":"le-map-quitte-le-cfop","status":"publish","type":"post","link":"https:\/\/linitiative.ca\/International\/le-map-quitte-le-cfop\/","title":{"rendered":"Le MAP quitte le CFOP"},"content":{"rendered":"<div class=\"td-post-featured-image\"><a href=\"https:\/\/www.sidwaya.info\/wp-content\/uploads\/2021\/01\/on-m.jpg\" data-caption=\"\"><img loading=\"lazy\" decoding=\"async\" width=\"696\" height=\"464\" class=\"entry-thumb td-modal-image\" src=\"https:\/\/www.sidwaya.info\/wp-content\/uploads\/2021\/01\/on-m-696x464.jpg\" srcset=\"https:\/\/www.sidwaya.info\/wp-content\/uploads\/2021\/01\/on-m-696x464.jpg 696w, https:\/\/www.sidwaya.info\/wp-content\/uploads\/2021\/01\/on-m-300x200.jpg 300w, https:\/\/www.sidwaya.info\/wp-content\/uploads\/2021\/01\/on-m-768x512.jpg 768w, https:\/\/www.sidwaya.info\/wp-content\/uploads\/2021\/01\/on-m-150x100.jpg 150w, https:\/\/www.sidwaya.info\/wp-content\/uploads\/2021\/01\/on-m-630x420.jpg 630w, https:\/\/www.sidwaya.info\/wp-content\/uploads\/2021\/01\/on-m.jpg 787w\" sizes=\"auto, (max-width: 696px) 100vw, 696px\" alt=\"\" title=\"on m\"\/><\/a><\/div>\n<p><strong>Le MAP quitte le CFOP<\/strong><br \/>Il est revenu \u00e0 Kantigui que la saign\u00e9e au sein de l\u2019opposition continue. Apr\u00e8s le d\u00e9part de Z\u00e9phirin Diabr\u00e9 et de son parti, l\u2019UPC, c\u2019est au tour du Mouvement africain des peuples (MAP) de Victorien Tougouma, de tourner le dos \u00e0 l\u2019opposition politique. Celui-ci a salu\u00e9 l\u2019esprit d\u2019ouverture du chef de l\u2019Etat \u00e0 travers la nomination de Z\u00e9phirin Diabr\u00e9 en qualit\u00e9 de ministre d\u2019Etat, ministre de la R\u00e9conciliation nationale et de la coh\u00e9sion sociale. Kantigui a ou\u00ef dire que l\u2019actuel maire de la commune rurale de Bagar\u00e9, dans la province du Passor\u00e9 et candidat malheureux \u00e0 la pr\u00e9sidentielle de 2015, motive le d\u00e9part de son parti par la volont\u00e9 d\u2019\u0153uvrer avec le Pr\u00e9sident du Faso, Roch Marc Christian Kabor\u00e9 \u00e0 la paix, \u00e0 la r\u00e9conciliation nationale et au d\u00e9veloppement du Burkina Faso.<\/p>\n<p><strong>Mairie de Gourcy : 200 dossiers de PUH introuvables<\/strong><br \/>Il est parvenu \u00e0 Kantigui que depuis son installation \u00e0 la t\u00eate de la mairie de Gourcy, en juin 2016, Kadidjia Traor\u00e9 aurait cat\u00e9goriquement refus\u00e9 d\u2019apposer sa signature sur tout document relatif au foncier, en particulier les Permis urbains d\u2019habiter (PUH). Et pour cause, a-t-on rapport\u00e9 \u00e0 Kantigui, Mme Traor\u00e9 craindrait de se faire impliquer dans d\u2019\u00e9ventuelles malversations sur les lotissements r\u00e9alis\u00e9s par ses pr\u00e9d\u00e9cesseurs. M\u00eame une mission d\u2019inspection, qui a fouin\u00e9 dans la gestion de la commune aux temps forts de la crise qui l\u2019a secou\u00e9e, ne l\u2019aurait pas fait changer d\u2019avis. En effet, les inspecteurs auraient recommand\u00e9, entre autres, la signature de certains documents, notamment les PUH sous r\u00e9serve d\u2019un avis favorable des services techniques. Cons\u00e9quence, les dossiers (environ 200) se seraient entass\u00e9s dans le bureau du maire. Sa d\u00e9mission, le 21 septembre dernier \u00e9tait vue comme le bout du tunnel. C\u2019est ainsi que, sans tarder, les demandeurs ont saisi les nouvelles autorit\u00e9s communales pour enfin obtenir la signature de leurs documents. Mais, selon la source de Kantigui, grande fut leur surprise de s\u2019entendre dire qu\u2019il n\u2019y a point de dossier dans le bureau qu\u2019occupait l\u2019ex-maire. Approch\u00e9, l\u2019actuel maire a confirm\u00e9 les faits avant d\u2019ajouter que son pr\u00e9d\u00e9cesseur aurait promis de rechercher les pi\u00e8ces \u00e0 Ouagadougou o\u00f9 elle r\u00e9side. Les plaignants ont donc saisi le haut-commissaire de la province du Zandoma, afin de lui soumettre leurs pr\u00e9occupations. O\u00f9 sont donc pass\u00e9s ces dossiers ? Kantigui appelle les autorit\u00e9s \u00e0 trouver une solution, car la tension commence \u00e0 monter au sein des demandeurs.<\/p>\n<p><strong>Des transitaires sollicitent la cl\u00e9mence de la Douane<\/strong><br \/>Parti pour d\u00e9douaner son v\u00e9hicule \u00ab France au revoir \u00bb, Kantigui a \u00e9t\u00e9 interpel\u00e9 par des concessionnaires en douane agr\u00e9\u00e9s (transitaires) qui lui ont expos\u00e9 leurs d\u00e9boires avec la Direction g\u00e9n\u00e9rale des douanes (DGD). Celle-ci les somme de se mettre en r\u00e8gle vis-\u00e0-vis des cautions \u00e0 titre de garantie g\u00e9n\u00e9rale (50 millions F CFA) et des cr\u00e9dits d\u2019enl\u00e8vement (25 millions), documents n\u00e9cessaires pour exercer leur m\u00e9tier. Un premier d\u00e9lai (novembre 2020) leur avait \u00e9t\u00e9 donn\u00e9 pour \u00eatre ensuite report\u00e9 au 1er f\u00e9vrier 2021. Dans un contexte marqu\u00e9 par la COVID-19 qui ralentit les affaires, les concessionnaires trouvent \u00e9lev\u00e9 le montant cumul\u00e9 de 75 millions F CFA, en plus du d\u00e9lai impos\u00e9 et souhaitent son prolongement. Par la voix de Kantigui, ils souhaitent aussi une concertation avec la DGD surtout qu\u2019il leur est demand\u00e9 d\u2019adresser une demande pour l\u2019activation de leur num\u00e9ro d\u2019agr\u00e9ment dans le syst\u00e8me SYDONIA d\u00e8s qu\u2019ils se mettront \u00e0 jour. Kantigui esp\u00e8re que les deux camps arriveront \u00e0 parler le m\u00eame langage dans l\u2019int\u00e9r\u00eat de tous.<\/p>\n<p><strong>Z\u00e9phirin Diabr\u00e9 retire sa plainte contre Simon Compaor\u00e9<\/strong><br \/>Aux temps forts de la crise au sein de l\u2019Union pour le progr\u00e8s et le changement (UPC), qui a entrain\u00e9 le d\u00e9part de 13 d\u00e9put\u00e9s de son groupe parlementaire, en d\u00e9cembre 2017, Kantigui se souvient que Simon Compaor\u00e9, alors ministre de la S\u00e9curit\u00e9, avait d\u00e9barqu\u00e9, avec gilet pare-balle et kalachnikov, au domicile de l\u2019un d\u2019entre eux pour le rassurer. C\u2019est alors que le pr\u00e9sident de l\u2019UPC avait port\u00e9 plainte contre lui pour \u00ab d\u00e9tention ill\u00e9gale d\u2019arme \u00e0 feu \u00bb.<br \/>Mais, l\u2019ex-Chef de file de l\u2019opposition a d\u00e9cid\u00e9 de retirer sa plainte contre le pr\u00e9sident du MPP. \u00ab Il me pla\u00eet d\u2019informer l\u2019ensemble du peuple burkinab\u00e8 et l\u2019opinion internationale que j\u2019ai eu une rencontre fraternelle avec Monsieur Simon Compaor\u00e9, et que nous avons d\u00e9cid\u00e9 tous les deux de nous pardonner et de nous r\u00e9concilier. J\u2019ai demand\u00e9 \u00e0 mon avocat d\u2019engager les d\u00e9marches pour retirer ma plainte \u00bb, a fait savoir Z\u00e9phirin Diabr\u00e9, dans un communiqu\u00e9 publi\u00e9 hier mardi 19 janvier 2021. Kantigui salue ce vent de r\u00e9conciliation qui souffle entre les deux hommes politiques, d\u00e9sormais alli\u00e9s.<\/p>\n<p><strong>Bient\u00f4t de la mayonnaise made in Burkina<\/strong><br \/>Kantigui, qui s\u2019est retrouv\u00e9 \u00e0 une rencontre du monde des affaires, a appris qu\u2019un jeune op\u00e9rateur \u00e9conomique de la ville de Bobo-Dioulasso a un projet d\u2019installation d\u2019une usine de fabrication de mayonnaise. Le projet, lui a-t-on souffl\u00e9, serait bien avanc\u00e9. Lorsqu\u2019on sait que la mayonnaise est beaucoup pris\u00e9e par les amateurs de grillades notamment, Kantigui ne peut que souhaiter du courage \u00e0 cet homme d\u2019affaires, dont l\u2019initiative permettra de cr\u00e9er des emplois.<\/p>\n<p><strong>Dossier Thomas Sankara : la confirmation des charges en cours<\/strong><br \/>Kantigui qui suit de pr\u00e8s le dossier Thomas Sankara a appris que l\u2019on s\u2019achemine progressivement vers la tenue d\u2019un proc\u00e8s. En effet, apr\u00e8s la r\u00e9ouverture du dossier en 2015, la Chambre de contr\u00f4le a ouvert une audience, hier 19 janvier 2021, pour \u00e9couter les diff\u00e9rents inculp\u00e9s, tels le g\u00e9n\u00e9ral Gilbert Diend\u00e9r\u00e9, Hyacinthe Kafando, Gabriel Tamini et le m\u00e9decin colonel Gu\u00e9br\u00e9, afin de statuer sur les charges retenues contre eux. Il s\u2019agit des accusations d\u2019\u00ab attentat \u00e0 la s\u00fbret\u00e9 de l\u2019Etat \u00bb, de \u00ab complicit\u00e9 d\u2019attentat \u00e0 la s\u00fbret\u00e9 de l\u2019Etat \u00bb, de \u00ab recel de cadavre \u00bb, de \u00ab faux en \u00e9criture \u00bb et de \u00ab subordination de t\u00e9moins \u00bb. Il est revenu \u00e0 Kantigui que l\u2019audience se poursuit jusqu\u2019\u00e0 la semaine prochaine. Selon ses sources, c\u2019est apr\u00e8s la confirmation de ces charges que le proc\u00e8s pourra se tenir.<\/p>\n<p><strong>MINEFID : le Conseil d\u2019Etat ordonne la r\u00e9int\u00e9gration des agents r\u00e9voqu\u00e9s<\/strong><br \/>Il est tomb\u00e9 dans l\u2019oreille de Kantigui que le Conseil d\u2019Etat a confirm\u00e9, hier mardi 19 janvier 2021, la d\u00e9cision du Tribunal administratif de Ouagadougou de suspendre l\u2019arr\u00eat\u00e9 portant r\u00e9vocation des trois agents du minist\u00e8re de l\u2019Economie, des Finances et du D\u00e9veloppement (MINEFID), en Conseil des ministres du 27 mai 2020, pour \u00ab actes d\u2019indiscipline d\u2019extr\u00eame gravit\u00e9 \u00bb. Il ordonne par la m\u00eame occasion, la \u00ab r\u00e9int\u00e9gration imm\u00e9diate \u00bb des int\u00e9ress\u00e9s \u00e0 qui on reprochait d\u2019avoir agress\u00e9 un agent \u00e0 son poste de travail lors d\u2019une gr\u00e8ve. Kantigui se souvient que le Tribunal administratif de Ouagadougou avait suspendu la proc\u00e9dure de r\u00e9vocation des agents, le 8 septembre 2020.<\/p>\n<p class=\"c1\"><strong>Kantigui<\/strong><br \/><strong>kantigui2000@gmail.com<\/strong><br \/><strong>(+226) 25 31 22 89<\/strong><\/p>\n<div class=\"td-a-rec td-a-rec-id-content_bottom tdi_33_667 td_block_template_1\"><img loading=\"lazy\" decoding=\"async\" class=\"aligncenter size-full wp-image-27454\" src=\"https:\/\/www.sidwaya.info\/wp-content\/uploads\/2020\/10\/PUB-Bandeau-paiement-mobile-siteweb.jpg\" alt=\"\" width=\"728\" height=\"90\"\/><\/div>\n<p>Auteur: BM. Sidwaya<br \/>\n<a href=\"https:\/\/www.sidwaya.info\/blog\/2021\/01\/19\/le-map-quitte-le-cfop\/\">Cliquez ici pour lire l&rsquo;article depuis sa source.<\/a><\/p>\n","protected":false},"excerpt":{"rendered":"<p>Le MAP quitte le CFOPIl est revenu \u00e0 Kantigui que la saign\u00e9e au sein de l\u2019opposition continue. Apr\u00e8s le d\u00e9part de Z\u00e9phirin Diabr\u00e9 et de son parti, l\u2019UPC, c\u2019est au tour du Mouvement africain des peuples (MAP) de Victorien Tougouma, de tourner le dos \u00e0 l\u2019opposition politique. Celui-ci a salu\u00e9 l\u2019esprit d\u2019ouverture du chef de [&hellip;]<\/p>\n","protected":false},"author":1816,"featured_media":0,"comment_status":"closed","ping_status":"closed","sticky":false,"template":"","format":"standard","meta":{"fifu_image_url":"https:\/\/www.sidwaya.info\/wp-content\/uploads\/2021\/01\/on-m-696x464.jpg","fifu_image_alt":"Le MAP quitte le CFOP","footnotes":""},"categories":[73,81],"tags":[],"class_list":["post-109612","post","type-post","status-publish","format-standard","hentry","category-actualite","category-burkina-faso"],"_links":{"self":[{"href":"https:\/\/linitiative.ca\/International\/wp-json\/wp\/v2\/posts\/109612","targetHints":{"allow":["GET"]}}],"collection":[{"href":"https:\/\/linitiative.ca\/International\/wp-json\/wp\/v2\/posts"}],"about":[{"href":"https:\/\/linitiative.ca\/International\/wp-json\/wp\/v2\/types\/post"}],"author":[{"embeddable":true,"href":"https:\/\/linitiative.ca\/International\/wp-json\/wp\/v2\/users\/1816"}],"replies":[{"embeddable":true,"href":"https:\/\/linitiative.ca\/International\/wp-json\/wp\/v2\/comments?post=109612"}],"version-history":[{"count":0,"href":"https:\/\/linitiative.ca\/International\/wp-json\/wp\/v2\/posts\/109612\/revisions"}],"wp:attachment":[{"href":"https:\/\/linitiative.ca\/International\/wp-json\/wp\/v2\/media?parent=109612"}],"wp:term":[{"taxonomy":"category","embeddable":true,"href":"https:\/\/linitiative.ca\/International\/wp-json\/wp\/v2\/categories?post=109612"},{"taxonomy":"post_tag","embeddable":true,"href":"https:\/\/linitiative.ca\/International\/wp-json\/wp\/v2\/tags?post=109612"}],"curies":[{"name":"wp","href":"https:\/\/api.w.org\/{rel}","templated":true}]}}