{"id":109613,"date":"2021-01-19T15:12:17","date_gmt":"2021-01-19T20:12:17","guid":{"rendered":"https:\/\/linitiative.ca\/International\/simon-compaore-president-du-mpp-zephirin-diabre-et-moi-sommes-reconcilies\/"},"modified":"2021-01-19T15:12:17","modified_gmt":"2021-01-19T20:12:17","slug":"simon-compaore-president-du-mpp-zephirin-diabre-et-moi-sommes-reconcilies","status":"publish","type":"post","link":"https:\/\/linitiative.ca\/International\/simon-compaore-president-du-mpp-zephirin-diabre-et-moi-sommes-reconcilies\/","title":{"rendered":"Simon Compaor\u00e9, pr\u00e9sident du MPP : \u00ab Z\u00e9phirin Diabr\u00e9 et moi sommes r\u00e9concili\u00e9s \u00bb"},"content":{"rendered":"<div class=\"td-post-featured-image\"><a href=\"https:\/\/www.sidwaya.info\/wp-content\/uploads\/2021\/01\/1-26.jpg\" data-caption=\"\"><img loading=\"lazy\" decoding=\"async\" width=\"595\" height=\"397\" class=\"entry-thumb td-modal-image\" src=\"https:\/\/www.sidwaya.info\/wp-content\/uploads\/2021\/01\/1-26.jpg\" srcset=\"https:\/\/www.sidwaya.info\/wp-content\/uploads\/2021\/01\/1-26.jpg 595w, https:\/\/www.sidwaya.info\/wp-content\/uploads\/2021\/01\/1-26-300x200.jpg 300w, https:\/\/www.sidwaya.info\/wp-content\/uploads\/2021\/01\/1-26-150x100.jpg 150w\" sizes=\"auto, (max-width: 595px) 100vw, 595px\" alt=\"\" title=\"1\"\/><\/a><\/div>\n<p><strong>Le pr\u00e9sident du Mouvement du peuple pour le progr\u00e8s (MPP), Simon Compaor\u00e9, a anim\u00e9 une conf\u00e9rence de presse, hier mardi 19 janvier 2021 \u00e0 Ouagadougou. Il a \u00e9voqu\u00e9 la reconfiguration politique, \u00e0 l\u2019issue du scrutin du 22 novembre dernier et le nouveau quinquennat du pr\u00e9sident du Faso, Roch Marc Christian Kabor\u00e9.<\/strong><\/p>\n<p>Un satisfecit g\u00e9n\u00e9ral s\u2019est d\u00e9gag\u00e9 au sein du Bureau ex\u00e9cutif national du Mouvement du peuple pour le progr\u00e8s (MPP), \u00e0 l\u2019issue des \u00e9lections pr\u00e9sidentielle et l\u00e9gislatives du 22 novembre 2020. C\u2019est l\u2019avis du pr\u00e9sident du parti, Simon Compaor\u00e9, qui a anim\u00e9 une conf\u00e9rence de presse, mardi 19 janvier 2021 \u00e0 Ouagadougou. En effet, pour lui, le candidat du MPP, Roch Marc Christian Kabor\u00e9, a \u00ab survol\u00e9 \u00bb la pr\u00e9sidentielle avec un taux de 57,74% d\u00e8s le 1er tour, avec 56 d\u00e9put\u00e9s aux l\u00e9gislatives. Ce qui, a-t-il dit, est un motif de satisfaction pour le parti qui consolide, ainsi, son leadership dans le landerneau politique national.<\/p>\n<p>\u00ab Le moins que l\u2019on puisse dire, c\u2019est que la strat\u00e9gie \u00e9lectorale de notre parti a pay\u00e9 sur toute la ligne \u00bb, a soulign\u00e9 M. Compaor\u00e9 ; non sans se r\u00e9jouir des conditions apais\u00e9es dans lesquelles les deux scrutins se sont tenus et les r\u00e9sultats accept\u00e9s de tous. \u00ab C\u2019est une victoire incontestable de notre d\u00e9mocratie naissante, une victoire de la classe politique burkinab\u00e8 \u00bb, a laiss\u00e9 entendre le pr\u00e9sident du MPP. R\u00e9it\u00e9rant les f\u00e9licitations du parti au Pr\u00e9sident Kabor\u00e9 pour sa r\u00e9\u00e9lection, il l\u2019a exhort\u00e9 \u00e0 poursuivre l\u2019\u0153uvre de r\u00e9conciliation nationale qu\u2019il a initi\u00e9e, \u00e0 travers le dialogue politique. Dans ce sens, le Bureau ex\u00e9cutif national du MPP a salu\u00e9 la cr\u00e9ation, au sein du gouvernement, d\u2019un d\u00e9partement d\u00e9di\u00e9 \u00e0 la r\u00e9conciliation nationale et \u00e0 la coh\u00e9sion sociale.<\/p>\n<p><strong>Des gages vers la r\u00e9conciliation<\/strong><\/p>\n<p>Pour Simon Compaor\u00e9 et ses camarades, le fait de confier la charge de ce minist\u00e8re \u00e0 un \u00ab t\u00e9nor \u00bb de la classe politique burkinab\u00e8, en la personne du pr\u00e9sident de l\u2019Union pour le progr\u00e8s et le changement (UPC), Z\u00e9phirin Diabr\u00e9, cela traduit la vision du pr\u00e9sident du Faso \u00e0 f\u00e9d\u00e9rer toutes les \u00e9nergies et intelligences dont dispose le pays pour la mise en \u0153uvre de son programme.<\/p>\n<p>\u00ab Ce sont des gages tangibles de la volont\u00e9 du Chef de l\u2019Etat \u00e0 aller vers la r\u00e9conciliation nationale \u00bb, s\u2019est convaincu M. Compaor\u00e9. Au demeurant, il a annonc\u00e9 le retrait de la plainte d\u00e9pos\u00e9e contre sa personne par M. Diabr\u00e9 en 2017. \u00ab On s\u2019est r\u00e9concili\u00e9 \u00bb, a-t-il l\u00e2ch\u00e9. Traduisant l\u2019accompagnement du MPP au pr\u00e9sident Kabor\u00e9 et au gouvernement, il a lanc\u00e9 un appel \u00e0 toutes les composantes de la soci\u00e9t\u00e9, aux militants du parti \u00e0 se mobiliser pour la r\u00e9ussite des dix chantiers du programme pr\u00e9sidentiel.<br \/>\u00ab L\u2019appui du MPP ne fera pas d\u00e9faut \u00e0 cette \u00e9quipe gouvernementale \u00bb, a-t-il promis.<br \/>Quelle sera la contribution du MPP \u00e0 la r\u00e9ussite de la r\u00e9conciliation nationale ? Ne va-t-elle pas \u00ab tordre le cou \u00bb \u00e0 la justice ? Telles ont \u00e9t\u00e9 entre autres interrogations sur lesquelles les journalistes sont revenus. Pour le parti au pouvoir, la r\u00e9conciliation nationale est l\u2019un des v\u0153ux chers au pr\u00e9sident Kabor\u00e9.<\/p>\n<p>C\u2019est d\u2019ailleurs pourquoi, a fait savoir Simon Compaor\u00e9, le parti a salu\u00e9 la nomination de Z\u00e9phirin Diabr\u00e9 pour piloter cette question. Toutefois, le MPP estime qu\u2019elle doit se construire autour du triptyque v\u00e9rit\u00e9-justice- r\u00e9conciliation. Du reste, a-t-il indiqu\u00e9, cinq groupes de travail ont \u00e9t\u00e9 mis en place afin de r\u00e9fl\u00e9chir \u00e0 la question pour mieux porter la voix du parti, le cas \u00e9ch\u00e9ant, lors des rencontres qui se tiendront.<\/p>\n<p class=\"c1\"><strong>Souma\u00efla BONKOUNGOU<\/strong><br \/><strong>&amp; Lati Fatou Tarbangdo<\/strong><br \/><strong>(Stagiaire)<\/strong><\/p>\n<div class=\"td-a-rec td-a-rec-id-content_bottom tdi_33_b02 td_block_template_1\"><img loading=\"lazy\" decoding=\"async\" class=\"aligncenter size-full wp-image-27454\" src=\"https:\/\/www.sidwaya.info\/wp-content\/uploads\/2020\/10\/PUB-Bandeau-paiement-mobile-siteweb.jpg\" alt=\"\" width=\"728\" height=\"90\"\/><\/div>\n<p>Auteur: BM. Sidwaya<br \/>\n<a href=\"https:\/\/www.sidwaya.info\/blog\/2021\/01\/19\/simon-compaore-president-du-mpp-zephirin-diabre-et-moi-sommes-reconcilies\/\">Cliquez ici pour lire l&rsquo;article depuis sa source.<\/a><\/p>\n","protected":false},"excerpt":{"rendered":"<p>Le pr\u00e9sident du Mouvement du peuple pour le progr\u00e8s (MPP), Simon Compaor\u00e9, a anim\u00e9 une conf\u00e9rence de presse, hier mardi 19 janvier 2021 \u00e0 Ouagadougou. Il a \u00e9voqu\u00e9 la reconfiguration politique, \u00e0 l\u2019issue du scrutin du 22 novembre dernier et le nouveau quinquennat du pr\u00e9sident du Faso, Roch Marc Christian Kabor\u00e9. Un satisfecit g\u00e9n\u00e9ral s\u2019est [&hellip;]<\/p>\n","protected":false},"author":1816,"featured_media":0,"comment_status":"closed","ping_status":"closed","sticky":false,"template":"","format":"standard","meta":{"fifu_image_url":"https:\/\/www.sidwaya.info\/wp-content\/uploads\/2021\/01\/1-26.jpg","fifu_image_alt":"Simon Compaor\u00e9, pr\u00e9sident du MPP : \u00ab Z\u00e9phirin Diabr\u00e9 et moi sommes r\u00e9concili\u00e9s \u00bb","footnotes":""},"categories":[73,81],"tags":[],"class_list":["post-109613","post","type-post","status-publish","format-standard","hentry","category-actualite","category-burkina-faso"],"_links":{"self":[{"href":"https:\/\/linitiative.ca\/International\/wp-json\/wp\/v2\/posts\/109613","targetHints":{"allow":["GET"]}}],"collection":[{"href":"https:\/\/linitiative.ca\/International\/wp-json\/wp\/v2\/posts"}],"about":[{"href":"https:\/\/linitiative.ca\/International\/wp-json\/wp\/v2\/types\/post"}],"author":[{"embeddable":true,"href":"https:\/\/linitiative.ca\/International\/wp-json\/wp\/v2\/users\/1816"}],"replies":[{"embeddable":true,"href":"https:\/\/linitiative.ca\/International\/wp-json\/wp\/v2\/comments?post=109613"}],"version-history":[{"count":0,"href":"https:\/\/linitiative.ca\/International\/wp-json\/wp\/v2\/posts\/109613\/revisions"}],"wp:attachment":[{"href":"https:\/\/linitiative.ca\/International\/wp-json\/wp\/v2\/media?parent=109613"}],"wp:term":[{"taxonomy":"category","embeddable":true,"href":"https:\/\/linitiative.ca\/International\/wp-json\/wp\/v2\/categories?post=109613"},{"taxonomy":"post_tag","embeddable":true,"href":"https:\/\/linitiative.ca\/International\/wp-json\/wp\/v2\/tags?post=109613"}],"curies":[{"name":"wp","href":"https:\/\/api.w.org\/{rel}","templated":true}]}}