{"id":109616,"date":"2021-01-19T15:18:02","date_gmt":"2021-01-19T20:18:02","guid":{"rendered":"https:\/\/linitiative.ca\/International\/legislatives-ivoiriennes-la-reception-des-dossiers-prorogee-a-vendredi\/"},"modified":"2021-01-19T15:18:02","modified_gmt":"2021-01-19T20:18:02","slug":"legislatives-ivoiriennes-la-reception-des-dossiers-prorogee-a-vendredi","status":"publish","type":"post","link":"https:\/\/linitiative.ca\/International\/legislatives-ivoiriennes-la-reception-des-dossiers-prorogee-a-vendredi\/","title":{"rendered":"L\u00e9gislatives ivoiriennes: la r\u00e9ception des dossiers prorog\u00e9e \u00e0 vendredi"},"content":{"rendered":"<div readability=\"32\">\n<p>Publi\u00e9 le 19.01.2021 \u00e0 21h18 par APA News<\/p>\n<\/div>\n<div readability=\"47\">\n<p>La p\u00e9riode de r\u00e9ception des dossiers de candidatures pour les \u00e9lections l\u00e9gislatives du 06 mars prochain a \u00e9t\u00e9 \u00ab prorog\u00e9e exceptionnellement jusqu\u2019au 22 janvier (2021) \u00e0 18h \u00bb, annonce mardi la Commission \u00e9lectorale ind\u00e9pendante (CEI).<\/p>\n<p>Dans un communiqu\u00e9 parvenu \u00e0 APA, l\u2019institution charg\u00e9e de l\u2019organisation des \u00e9lections en C\u00f4te d\u2019Ivoire, explique que cette prorogation fait suite \u00ab \u00e0 la demande des partis et groupements politiques \u00bb.<\/p>\n<p>Initialement, la cl\u00f4ture de la r\u00e9ception des dossiers de candidatures \u00e9tait fix\u00e9e au mercredi 20 janvier 2021 \u00e0 18h. Mais, plusieurs partis politiques semblaient ne pas \u00eatre \u00a0pr\u00eats pour cette date.<\/p>\n<\/div>\n<p>Auteur: APA News<br \/>\n<a href=\"https:\/\/www.journalducameroun.com\/legislatives-ivoiriennes-la-reception-des-dossiers-prorogee-a-vendredi\/\">Cliquez ici pour lire l&rsquo;article depuis sa source.<\/a><\/p>\n","protected":false},"excerpt":{"rendered":"<p>Publi\u00e9 le 19.01.2021 \u00e0 21h18 par APA News La p\u00e9riode de r\u00e9ception des dossiers de candidatures pour les \u00e9lections l\u00e9gislatives du 06 mars prochain a \u00e9t\u00e9 \u00ab prorog\u00e9e exceptionnellement jusqu\u2019au 22 janvier (2021) \u00e0 18h \u00bb, annonce mardi la Commission \u00e9lectorale ind\u00e9pendante (CEI). Dans un communiqu\u00e9 parvenu \u00e0 APA, l\u2019institution charg\u00e9e de l\u2019organisation des \u00e9lections [&hellip;]<\/p>\n","protected":false},"author":1965,"featured_media":0,"comment_status":"closed","ping_status":"closed","sticky":false,"template":"","format":"standard","meta":{"fifu_image_url":"","fifu_image_alt":"","footnotes":""},"categories":[73,82],"tags":[],"class_list":["post-109616","post","type-post","status-publish","format-standard","hentry","category-actualite","category-cameroun"],"_links":{"self":[{"href":"https:\/\/linitiative.ca\/International\/wp-json\/wp\/v2\/posts\/109616","targetHints":{"allow":["GET"]}}],"collection":[{"href":"https:\/\/linitiative.ca\/International\/wp-json\/wp\/v2\/posts"}],"about":[{"href":"https:\/\/linitiative.ca\/International\/wp-json\/wp\/v2\/types\/post"}],"author":[{"embeddable":true,"href":"https:\/\/linitiative.ca\/International\/wp-json\/wp\/v2\/users\/1965"}],"replies":[{"embeddable":true,"href":"https:\/\/linitiative.ca\/International\/wp-json\/wp\/v2\/comments?post=109616"}],"version-history":[{"count":0,"href":"https:\/\/linitiative.ca\/International\/wp-json\/wp\/v2\/posts\/109616\/revisions"}],"wp:attachment":[{"href":"https:\/\/linitiative.ca\/International\/wp-json\/wp\/v2\/media?parent=109616"}],"wp:term":[{"taxonomy":"category","embeddable":true,"href":"https:\/\/linitiative.ca\/International\/wp-json\/wp\/v2\/categories?post=109616"},{"taxonomy":"post_tag","embeddable":true,"href":"https:\/\/linitiative.ca\/International\/wp-json\/wp\/v2\/tags?post=109616"}],"curies":[{"name":"wp","href":"https:\/\/api.w.org\/{rel}","templated":true}]}}