{"id":109617,"date":"2021-01-19T15:18:04","date_gmt":"2021-01-19T20:18:04","guid":{"rendered":"https:\/\/linitiative.ca\/International\/cote-divoire-kakou-guikahue-libere-et-mis-sous-controle-judiciaire-avocat\/"},"modified":"2021-01-19T15:18:04","modified_gmt":"2021-01-19T20:18:04","slug":"cote-divoire-kakou-guikahue-libere-et-mis-sous-controle-judiciaire-avocat","status":"publish","type":"post","link":"https:\/\/linitiative.ca\/International\/cote-divoire-kakou-guikahue-libere-et-mis-sous-controle-judiciaire-avocat\/","title":{"rendered":"C\u00f4te d\u2019Ivoire: Kakou Guikahu\u00e9 lib\u00e9r\u00e9 et mis sous contr\u00f4le judiciaire (avocat)"},"content":{"rendered":"<div readability=\"32\">\n<p>Publi\u00e9 le 19.01.2021 \u00e0 21h18 par APA News<\/p>\n<\/div>\n<div readability=\"82\">\n<p>En d\u00e9tention depuis novembre 2020, Maurice Kakou Guikahu\u00e9, secr\u00e9taire ex\u00e9cutif en chef du Parti d\u00e9mocratique de C\u00f4te d\u2019Ivoire (Pdci, opposition), a \u00e9t\u00e9 lib\u00e9r\u00e9 et mis sous contr\u00f4le judiciaire, a indiqu\u00e9 mardi \u00e0 APA Me Suy Bi \u00c9mile, l\u2019un des avocats du parti.<\/p>\n<p>\u00ab\u00a0M. Guikahu\u00e9 a \u00e9t\u00e9 lib\u00e9r\u00e9 et plac\u00e9 sous contr\u00f4le judiciaire\u00a0\u00bb, a renseign\u00e9 Me Suy Bi Emile, mentionnant cependant que pour Narcisse N\u2019Dri, directeur de Cabinet de Henri Konan B\u00e9di\u00e9, pr\u00e9sident du Pdci, il n\u2019avait pas encore re\u00e7u cette information du tribunal.\u00a0<\/p>\n<p>Plusieurs opposants, r\u00e9unis chez M. B\u00e9di\u00e9 le 3 novembre 2020, pour former un gouvernement du Conseil national de transition (CNT), organe visant \u00e0 se substituer aux institutions de la R\u00e9publique, ont \u00e9t\u00e9 arr\u00eat\u00e9s par les forces de l\u2019ordre, au nombre desquels M. Guikahu\u00e9.<\/p>\n<p>Incarc\u00e9r\u00e9 \u00e0 la Maison d\u2019arr\u00eat et de correction d\u2019Abidjan (MACA), M. Kakou Guikahu\u00e9, sera hospitalis\u00e9 dans la capitale \u00e9conomique ivoirienne \u00e0 la suite d\u2019un malaise, avant d\u2019\u00eatre transf\u00e9r\u00e9 en France pour des soins.\u00a0<\/p>\n<p>Plus tard, M. B\u00e9di\u00e9 met fin au CNT, entit\u00e9 qu\u2019il pr\u00e9sidait, pour favoriser le dialogue. A l\u2019issue de la troisi\u00e8me phase du dialogue politique entre l\u2019opposition, la soci\u00e9t\u00e9 civile et le gouvernement, les parties ont arr\u00eat\u00e9 des mesures d\u2019apaisement.\u00a0<\/p>\n<p>Au lendemain de la fin de la troisi\u00e8me phase du dialogue politique, Affi Nguessan, pr\u00e9sident du Front populaire ivoirien (FPI) sera lib\u00e9r\u00e9 et mis sous contr\u00f4le judiciaire. La lib\u00e9ration de Guikahu\u00e9, elle, intervient apr\u00e8s le paraphe des r\u00e9solutions de ce dialogue par l\u2019opposition.\u00a0<\/p>\n<\/div>\n<p>Auteur: APA News<br \/>\n<a href=\"https:\/\/www.journalducameroun.com\/cote-divoire-kakou-guikahue-libere-et-mis-sous-controle-judiciaire-avocat\/\">Cliquez ici pour lire l&rsquo;article depuis sa source.<\/a><\/p>\n","protected":false},"excerpt":{"rendered":"<p>Publi\u00e9 le 19.01.2021 \u00e0 21h18 par APA News En d\u00e9tention depuis novembre 2020, Maurice Kakou Guikahu\u00e9, secr\u00e9taire ex\u00e9cutif en chef du Parti d\u00e9mocratique de C\u00f4te d\u2019Ivoire (Pdci, opposition), a \u00e9t\u00e9 lib\u00e9r\u00e9 et mis sous contr\u00f4le judiciaire, a indiqu\u00e9 mardi \u00e0 APA Me Suy Bi \u00c9mile, l\u2019un des avocats du parti. \u00ab\u00a0M. Guikahu\u00e9 a \u00e9t\u00e9 lib\u00e9r\u00e9 [&hellip;]<\/p>\n","protected":false},"author":1965,"featured_media":0,"comment_status":"closed","ping_status":"closed","sticky":false,"template":"","format":"standard","meta":{"fifu_image_url":"","fifu_image_alt":"","footnotes":""},"categories":[73,82],"tags":[],"class_list":["post-109617","post","type-post","status-publish","format-standard","hentry","category-actualite","category-cameroun"],"_links":{"self":[{"href":"https:\/\/linitiative.ca\/International\/wp-json\/wp\/v2\/posts\/109617","targetHints":{"allow":["GET"]}}],"collection":[{"href":"https:\/\/linitiative.ca\/International\/wp-json\/wp\/v2\/posts"}],"about":[{"href":"https:\/\/linitiative.ca\/International\/wp-json\/wp\/v2\/types\/post"}],"author":[{"embeddable":true,"href":"https:\/\/linitiative.ca\/International\/wp-json\/wp\/v2\/users\/1965"}],"replies":[{"embeddable":true,"href":"https:\/\/linitiative.ca\/International\/wp-json\/wp\/v2\/comments?post=109617"}],"version-history":[{"count":0,"href":"https:\/\/linitiative.ca\/International\/wp-json\/wp\/v2\/posts\/109617\/revisions"}],"wp:attachment":[{"href":"https:\/\/linitiative.ca\/International\/wp-json\/wp\/v2\/media?parent=109617"}],"wp:term":[{"taxonomy":"category","embeddable":true,"href":"https:\/\/linitiative.ca\/International\/wp-json\/wp\/v2\/categories?post=109617"},{"taxonomy":"post_tag","embeddable":true,"href":"https:\/\/linitiative.ca\/International\/wp-json\/wp\/v2\/tags?post=109617"}],"curies":[{"name":"wp","href":"https:\/\/api.w.org\/{rel}","templated":true}]}}