{"id":109618,"date":"2021-01-19T15:18:04","date_gmt":"2021-01-19T20:18:04","guid":{"rendered":"https:\/\/linitiative.ca\/International\/lujpla-cree-le-grand-prix-patrice-lumumba-de-la-liberte-de-la-presse-en-afrique\/"},"modified":"2021-01-19T15:18:04","modified_gmt":"2021-01-19T20:18:04","slug":"lujpla-cree-le-grand-prix-patrice-lumumba-de-la-liberte-de-la-presse-en-afrique","status":"publish","type":"post","link":"https:\/\/linitiative.ca\/International\/lujpla-cree-le-grand-prix-patrice-lumumba-de-la-liberte-de-la-presse-en-afrique\/","title":{"rendered":"L\u2019UJPLA cr\u00e9e le Grand Prix Patrice Lumumba de la libert\u00e9 de la presse en Afrique"},"content":{"rendered":"<div readability=\"32\">\n<p>Publi\u00e9 le 19.01.2021 \u00e0 21h18 par APA News<\/p>\n<\/div>\n<div readability=\"82\">\n<p>L\u2019Union des journalistes de la presse libre africaine (UJPLA), a annonc\u00e9 mardi la cr\u00e9ation du Grand prix Patrice Lumumba de la libert\u00e9 de la presse en Afrique, dans un communiqu\u00e9.<\/p>\n<p>Ce prix vise \u00e0 \u00ab\u00a0marquer son combat et rappeler sa m\u00e9moire\u00a0\u00bb, indique l\u2019UJPLA qui a pour \u00ab\u00a0objectifs principaux et fondamentaux de contribuer \u00e0 la libert\u00e9 de la presse et \u00e0 la s\u00e9curit\u00e9 des journalistes partout sur le continent africain\u00a0\u00bb.<\/p>\n<p>Les modalit\u00e9s, le fonctionnement et le financement devraient \u00eatre bient\u00f4t connus, souligne l\u2019organisation qui envisage de \u00ab\u00a0r\u00e9compenser\u00a0\u00bb le journaliste, l\u2019organe de presse, toute entit\u00e9 et personnalit\u00e9 africaine qui auront contribu\u00e9 \u00e0 la promotion de la libert\u00e9 de la presse en Afrique.\u00a0<\/p>\n<p>\u00ab\u00a0L\u2019UJPLA voudrait, en ce 60e anniversaire de sa tragique disparition, saluer et marquer la m\u00e9moire de Patrice Emery Lumumba, ce grand et immortel h\u00e9ros congolais et africain de la libert\u00e9 et de l\u2019Ind\u00e9pendance\u00a0\u00bb, a d\u00e9clar\u00e9 No\u00ebl Yao,le pr\u00e9sident de l\u2019UJPLA. \u00a0<\/p>\n<p>\u00ab\u00a0Il y a 60 ans, le premier ministre congolais Patrice Emery Lumumba \u00e9tait injustement et sauvagement assassin\u00e9 pour ses id\u00e9es de libert\u00e9 et d\u2019ind\u00e9pendance\u00a0\u00bb, rappelle l\u2019UJPLA. \u00a0<\/p>\n<p>L\u2019organisation de presse annonce par ailleurs la d\u00e9signation de M. Gervais Gnaka Lagoke, repr\u00e9sentant de l\u2019UJPLA aux \u00c9tats-Unis, en qualit\u00e9 de coordinateur du Grand Prix UJPLA Patrice Emery Lumumba de la Libert\u00e9 de la presse. Et ce, en conformit\u00e9 \u00a0avec les statuts de \u00a0l\u2019UJPLA.<\/p>\n<p>M. Lagoke, repr\u00e9sentant de l\u2019UJPLA aux \u00c9tats-Unis et par \u00a0ailleurs, membre fondateur de la Convention pour le Panafricanisme et le Progres (CPP) est d\u00e9sign\u00e9 \u00e0 \u00a0compter de ce 19 janvier 2021, Coordonnateur de ce Grand Prix, indique une note officielle. \u00a0<\/p>\n<p>Il devra proposer un sch\u00e9ma de mise en \u0153uvre et rechercher des financements appropri\u00e9s et en informer r\u00e9guli\u00e8rement le bureau de l\u2019UJPLA pour un suivi ad\u00e9quat. L\u2019Union des journalistes de la presse libre africaine entend organiser \u00ab\u00a0rapidement\u00a0\u00bb la premi\u00e8re \u00e9dition de ce Grand prix.<\/p>\n<\/div>\n<p>Auteur: APA News<br \/>\n<a href=\"https:\/\/www.journalducameroun.com\/lujpla-cree-le-grand-prix-patrice-lumumba-de-la-liberte-de-la-presse-en-afrique\/\">Cliquez ici pour lire l&rsquo;article depuis sa source.<\/a><\/p>\n","protected":false},"excerpt":{"rendered":"<p>Publi\u00e9 le 19.01.2021 \u00e0 21h18 par APA News L\u2019Union des journalistes de la presse libre africaine (UJPLA), a annonc\u00e9 mardi la cr\u00e9ation du Grand prix Patrice Lumumba de la libert\u00e9 de la presse en Afrique, dans un communiqu\u00e9. Ce prix vise \u00e0 \u00ab\u00a0marquer son combat et rappeler sa m\u00e9moire\u00a0\u00bb, indique l\u2019UJPLA qui a pour \u00ab\u00a0objectifs [&hellip;]<\/p>\n","protected":false},"author":1965,"featured_media":0,"comment_status":"closed","ping_status":"closed","sticky":false,"template":"","format":"standard","meta":{"fifu_image_url":"","fifu_image_alt":"","footnotes":""},"categories":[73,82],"tags":[],"class_list":["post-109618","post","type-post","status-publish","format-standard","hentry","category-actualite","category-cameroun"],"_links":{"self":[{"href":"https:\/\/linitiative.ca\/International\/wp-json\/wp\/v2\/posts\/109618","targetHints":{"allow":["GET"]}}],"collection":[{"href":"https:\/\/linitiative.ca\/International\/wp-json\/wp\/v2\/posts"}],"about":[{"href":"https:\/\/linitiative.ca\/International\/wp-json\/wp\/v2\/types\/post"}],"author":[{"embeddable":true,"href":"https:\/\/linitiative.ca\/International\/wp-json\/wp\/v2\/users\/1965"}],"replies":[{"embeddable":true,"href":"https:\/\/linitiative.ca\/International\/wp-json\/wp\/v2\/comments?post=109618"}],"version-history":[{"count":0,"href":"https:\/\/linitiative.ca\/International\/wp-json\/wp\/v2\/posts\/109618\/revisions"}],"wp:attachment":[{"href":"https:\/\/linitiative.ca\/International\/wp-json\/wp\/v2\/media?parent=109618"}],"wp:term":[{"taxonomy":"category","embeddable":true,"href":"https:\/\/linitiative.ca\/International\/wp-json\/wp\/v2\/categories?post=109618"},{"taxonomy":"post_tag","embeddable":true,"href":"https:\/\/linitiative.ca\/International\/wp-json\/wp\/v2\/tags?post=109618"}],"curies":[{"name":"wp","href":"https:\/\/api.w.org\/{rel}","templated":true}]}}