{"id":109626,"date":"2021-01-20T10:27:43","date_gmt":"2021-01-20T15:27:43","guid":{"rendered":"https:\/\/linitiative.ca\/International\/son-directeur-la-confirme-mardi-lors-dun-webinaire-de-tres-bonnes-performances-pour-kia-maroc-en-2020\/"},"modified":"2021-01-20T10:27:43","modified_gmt":"2021-01-20T15:27:43","slug":"son-directeur-la-confirme-mardi-lors-dun-webinaire-de-tres-bonnes-performances-pour-kia-maroc-en-2020","status":"publish","type":"post","link":"https:\/\/linitiative.ca\/International\/son-directeur-la-confirme-mardi-lors-dun-webinaire-de-tres-bonnes-performances-pour-kia-maroc-en-2020\/","title":{"rendered":"Son directeur l\u2019a confirm\u00e9 mardi lors d\u2019un webinaire : De tr\u00e8s bonnes performances  pour Kia Maroc en 2020"},"content":{"rendered":"<p><img decoding=\"async\" class=\"post_layout_5_img\" src=\"http:\/\/aujourdhui.ma\/wp-content\/uploads\/2021\/01\/KIA-1.jpg\" alt=\"Son directeur l&#x2019;a confirm&#xE9; mardi lors d&#x2019;un webinaire : De tr&#xE8;s bonnes performances pour Kia Maroc en 2020\"\/><\/p>\n<p><span class=\"c5\"><strong>La vie a bien souri \u00e0 Kia en 2020 en d\u00e9pit de la conjoncture li\u00e9e \u00e0 la Covid-19.<\/strong><\/span><span id=\"more-366035\"\/><\/p>\n<p>Et c\u2019est le directeur de la marque au Maroc qui le confirme lors d\u2019un webinaire organis\u00e9 mardi pour pr\u00e9senter les performances de Kia au titre de l\u2019ann\u00e9e derni\u00e8re. \u00ab2020 \u00e9tait bonne en termes de ventes et r\u00e9alisations malgr\u00e9 le contexte qui l\u2019a marqu\u00e9e\u00bb, exalte C\u00e9dric Veau. Pour lui, ces performances sont \u00e9galement dues \u00e0 la reprise, depuis deux ans, de la marque en allusion au Groupe GBH. Un fait qui a, selon le responsable, engendr\u00e9 une \u00abmobilisation et une renaissance de Kia au Maroc qui a retrouv\u00e9 sa place dans le march\u00e9\u00bb.<\/p>\n<p><a href=\"https:http:\/\/aujourdhui.ma\/wp-content\/uploads\/2021\/01\/DG-KIA.jpg\"><img decoding=\"async\" loading=\"lazy\" class=\"wp-image-366038 aligncenter\" src=\"http:\/\/aujourdhui.ma\/wp-content\/uploads\/2021\/01\/DG-KIA.jpg\" alt=\"\" width=\"744\" height=\"496\" srcset=\"http:\/\/aujourdhui.ma\/wp-content\/uploads\/2021\/01\/DG-KIA.jpg 1200w, \/\/aujourdhui.ma\/wp-content\/uploads\/2021\/01\/DG-KIA-300x200.jpg 300w, \/\/aujourdhui.ma\/wp-content\/uploads\/2021\/01\/DG-KIA-1024x683.jpg 1024w, \/\/aujourdhui.ma\/wp-content\/uploads\/2021\/01\/DG-KIA-768x512.jpg 768w, \/\/aujourdhui.ma\/wp-content\/uploads\/2021\/01\/DG-KIA-80x54.jpg 80w, \/\/aujourdhui.ma\/wp-content\/uploads\/2021\/01\/DG-KIA-130x87.jpg 130w, \/\/aujourdhui.ma\/wp-content\/uploads\/2021\/01\/DG-KIA-359x240.jpg 359w, \/\/aujourdhui.ma\/wp-content\/uploads\/2021\/01\/DG-KIA-85x57.jpg 85w, \/\/aujourdhui.ma\/wp-content\/uploads\/2021\/01\/DG-KIA-112x75.jpg 112w, \/\/aujourdhui.ma\/wp-content\/uploads\/2021\/01\/DG-KIA-179x120.jpg 179w, \/\/aujourdhui.ma\/wp-content\/uploads\/2021\/01\/DG-KIA-170x113.jpg 170w, \/\/aujourdhui.ma\/wp-content\/uploads\/2021\/01\/DG-KIA-81x55.jpg 81w, \/\/aujourdhui.ma\/wp-content\/uploads\/2021\/01\/DG-KIA-765x510.jpg 765w\" sizes=\"auto, (max-width: 744px) 100vw, 744px\"\/><\/a><\/p>\n<p><span class=\"c6\"><strong>Une progression de 44% et 2.341 ventes en 2020<\/strong><\/span><\/p>\n<p>Pour illustrer ces r\u00e9alisations, M. Veau conduit les chiffres de \u00ab+44% de progression et 2.341 ventes en 2020\u00bb. \u00abNous avons progress\u00e9 dans un march\u00e9 qui a baiss\u00e9 de 20%\u00bb, avance le num\u00e9ro un de Kia Maroc qui a atteint \u00abune part de march\u00e9 de 1,8% \u00e0 fin 2020\u00bb. \u00abNous en sommes tr\u00e8s heureux\u00bb, se f\u00e9licite-t-il entre-temps en s\u2019exprimant sur les raisons qui contribuent au succ\u00e8s de la marque. Ainsi, la Picanto reste un mod\u00e8le phare et leader dans son segment. \u00abC\u2019est la micro-citadine la plus vendue au Maroc\u00bb, commente-t-il. Quant \u00e0 la renaissance qu\u2019il a r\u00e9v\u00e9l\u00e9e, elle se traduit, comme il le pr\u00e9cise, par un accompagnement global de la marque. Et ce n\u2019est pas tout !<\/p>\n<p><span class=\"c6\"><strong>Changement de logo et strat\u00e9gie de 3 piliers<\/strong><\/span><\/p>\n<p>Cet accompagnement est doubl\u00e9 du \u00abchangement de logo\u00bb. Celui-ci symbolise, selon l\u2019intervenant, la nouvelle orientation de la marque et ses valeurs. Con\u00e7ue dans \u00abun style manuscrit\u00bb, cette signature refl\u00e8te \u00e9galement \u00abl\u2019engagement de Kia\u00bb et inspire, d\u2019apr\u00e8s lui, \u00abun sentiment de confiance\u00bb. Aussi, les lignes \u00abascendantes et dynamiques illustrent l\u2019ambition de la marque\u00bb. Le tout en r\u00e9v\u00e9lant la strat\u00e9gie pour 2021 qui est bas\u00e9e sur 3 piliers. Le premier \u00e9tant le lancement de nouveaux \u00abproduits\u00bb. Quant au deuxi\u00e8me, il concerne l\u2019exp\u00e9rience du client lors de la vente et l\u2019apr\u00e8s-vente. En outre, le 3\u00e8me pilier est d\u00e9di\u00e9 \u00e0 la recherche de proximit\u00e9 en facilitant l\u2019acc\u00e8s \u00e0 la marque via un r\u00e9seau \u00e9tendu comme l\u2019explicite le directeur qui d\u00e9taille les nouveaux produits.<\/p>\n<p><span class=\"c6\"><strong>3 lancements de produits importants<\/strong><\/span><\/p>\n<p>Cette ann\u00e9e sera marqu\u00e9e par 3 lancements importants. Il s\u2019agit de la gamme Ceed MHEV qui offre une hybridation l\u00e9g\u00e8re avec une batterie en lithium \u00e0 48 volts. Une hybridation qui permet la baisse de consommation du v\u00e9hicule et une \u00e9conomie de carburant \u00e0 10%. \u00abElle sera lanc\u00e9e \u00e0 un prix sp\u00e9cial de 209.000 DH\u00bb, ajoute-t-il. Aussi, la nouvelle Sorento va, comme il l\u2019annonce, \u00abbient\u00f4t arriver\u00bb. \u00abNous voulons \u00eatre agressifs sur ce segment. Sorento proposera un rapport qualit\u00e9\/prix tr\u00e8s favorable\u00bb, indique-t-il \u00e0 ALM. Et ce n\u2019est pas fini ! \u00abKia Xceed va arriver sur nos routes. Elle est tr\u00e8s demand\u00e9e sur les r\u00e9seaux sociaux. C\u2019est un crossover avec beaucoup d\u2019\u00e9quipements\u00bb, encha\u00eene-t-il. Pour lui, les SUV sont aussi un march\u00e9 au Maroc. \u00abElle arrivera en milieu d\u2019ann\u00e9e au Maroc\u00bb, annonce-t-il en d\u00e9cortiquant les autres piliers de la strat\u00e9gie.<\/p>\n<p><span class=\"c6\"><strong>Une forte digitalisation<\/strong><\/span><\/p>\n<p>En termes d\u2019exp\u00e9rience client, M. Veau indique que la marque a d\u00e9sormais une \u00abapplication digitale\u00bb consacr\u00e9e \u00e0 l\u2019apr\u00e8s-vente. \u00abKia va mettre en place une plate-forme d\u00e9di\u00e9e aux entreprises\u00bb, ajoute-t-il en s\u2019exprimant sur le lancement de Kia LLD (Label de location longue dur\u00e9e). Aussi, la marque travaille sur le produit k2500 pour un am\u00e9nagement en offrant des solutions aux entreprises. A propos de la digitalisation, le responsable rappelle que \u00ab90% des personnes qui veulent acheter un v\u00e9hicule vont sur le Net\u00bb. Avec son offre \u00abMy Kia\u00bb, la marque donne la possibilit\u00e9 aux clients de communiquer comme s\u2019ils \u00e9taient dans un showroom. S\u2019agissant des ouvertures, le constructeur au Maroc, qui a d\u00e9j\u00e0 17 showrooms, en pr\u00e9voit 5 autres \u00e0 Larache, Beni Mellal, La\u00e2youne et Mohammedia entre autres. Cela \u00e9tant, le webinaire a \u00e9galement \u00e9t\u00e9 marqu\u00e9 par l\u2019ouverture d\u2019un troisi\u00e8me point de vente \u00e0 Casablanca sur 450m2.<\/p>\n<p>Auteur: Salima Guisser<br \/>\n<a href=\"https:\/\/aujourdhui.ma\/automobile\/son-directeur-la-confirme-mardi-lors-dun-webinaire-de-tres-bonnes-performances-pour-kia-maroc-en-2020\">Cliquez ici pour lire l&rsquo;article depuis sa source.<\/a><\/p>\n","protected":false},"excerpt":{"rendered":"<p>La vie a bien souri \u00e0 Kia en 2020 en d\u00e9pit de la conjoncture li\u00e9e \u00e0 la Covid-19. Et c\u2019est le directeur de la marque au Maroc qui le confirme lors d\u2019un webinaire organis\u00e9 mardi pour pr\u00e9senter les performances de Kia au titre de l\u2019ann\u00e9e derni\u00e8re. \u00ab2020 \u00e9tait bonne en termes de ventes et r\u00e9alisations [&hellip;]<\/p>\n","protected":false},"author":1759,"featured_media":0,"comment_status":"closed","ping_status":"closed","sticky":false,"template":"","format":"standard","meta":{"fifu_image_url":"http:\/\/aujourdhui.ma\/wp-content\/uploads\/2021\/01\/KIA-1.jpg","fifu_image_alt":"Son directeur l\u2019a confirm\u00e9 mardi lors d\u2019un webinaire : De tr\u00e8s bonnes performances  pour Kia Maroc en 2020","footnotes":""},"categories":[73,54],"tags":[],"class_list":["post-109626","post","type-post","status-publish","format-standard","hentry","category-actualite","category-maroc"],"_links":{"self":[{"href":"https:\/\/linitiative.ca\/International\/wp-json\/wp\/v2\/posts\/109626","targetHints":{"allow":["GET"]}}],"collection":[{"href":"https:\/\/linitiative.ca\/International\/wp-json\/wp\/v2\/posts"}],"about":[{"href":"https:\/\/linitiative.ca\/International\/wp-json\/wp\/v2\/types\/post"}],"author":[{"embeddable":true,"href":"https:\/\/linitiative.ca\/International\/wp-json\/wp\/v2\/users\/1759"}],"replies":[{"embeddable":true,"href":"https:\/\/linitiative.ca\/International\/wp-json\/wp\/v2\/comments?post=109626"}],"version-history":[{"count":0,"href":"https:\/\/linitiative.ca\/International\/wp-json\/wp\/v2\/posts\/109626\/revisions"}],"wp:attachment":[{"href":"https:\/\/linitiative.ca\/International\/wp-json\/wp\/v2\/media?parent=109626"}],"wp:term":[{"taxonomy":"category","embeddable":true,"href":"https:\/\/linitiative.ca\/International\/wp-json\/wp\/v2\/categories?post=109626"},{"taxonomy":"post_tag","embeddable":true,"href":"https:\/\/linitiative.ca\/International\/wp-json\/wp\/v2\/tags?post=109626"}],"curies":[{"name":"wp","href":"https:\/\/api.w.org\/{rel}","templated":true}]}}