{"id":109628,"date":"2021-01-20T11:20:10","date_gmt":"2021-01-20T16:20:10","guid":{"rendered":"https:\/\/linitiative.ca\/International\/les-proprietaires-des-hammam-spa-a-casa-lancent-une-petition\/"},"modified":"2021-01-20T11:20:10","modified_gmt":"2021-01-20T16:20:10","slug":"les-proprietaires-des-hammam-spa-a-casa-lancent-une-petition","status":"publish","type":"post","link":"https:\/\/linitiative.ca\/International\/les-proprietaires-des-hammam-spa-a-casa-lancent-une-petition\/","title":{"rendered":"Les propri\u00e9taires des Hammam &amp; spa \u00e0 Casa lancent une p\u00e9tition"},"content":{"rendered":"<header>\n<\/header>\n<div class=\"entry-content clearfix\" readability=\"47\"><img decoding=\"async\" class=\"post_layout_5_img\" src=\"http:\/\/aujourdhui.ma\/wp-content\/uploads\/2017\/02\/Hammam.jpg\" alt=\"Les propri&#xE9;taires des Hammam &amp; spa &#xE0; Casa lancent une p&#xE9;tition\"\/><\/p>\n<p><span class=\"c5\"><strong>Ils d\u00e9noncent les mesures les ciblant ainsi que leur exclusion des aides accord\u00e9es \u00e0 des secteurs similaires<\/strong><\/span><br \/><span class=\"c6\"><span id=\"more-366075\"\/><\/span><\/p>\n<p>La profession des m\u00e9tiers de Hammams &amp; spas de Casablanca se mobilise. Ces derniers s\u2019indignent devant les mesures de fermeture impos\u00e9es \u00e0 leurs \u00e9tablissements depuis le mois de mars 2020.<\/p>\n<p>Dans ce sens, ils viennent de lancer une p\u00e9tition pour recueillir un maximum de signatures et d\u2019adh\u00e9sion. Pour les professionnels, \u00abce domaine qui regroupe pas moins de 15.000 \u00e9tablissements et fait vivre des dizaines de milliers de personnes dans le formel et l\u2019informel m\u00e9rite qu\u2019on s\u2019y int\u00e9resse pour pouvoir aider ce secteur grandement entach\u00e9 par la covid et largement ignor\u00e9 par tous\u00bb.<\/p>\n<p><a href=\"https:http:\/\/aujourdhui.ma\/wp-content\/uploads\/2016\/09\/Cabine-spa.jpg\"><img decoding=\"async\" loading=\"lazy\" class=\"size-full wp-image-244854 aligncenter\" src=\"http:\/\/aujourdhui.ma\/wp-content\/uploads\/2016\/09\/Cabine-spa.jpg\" alt=\"\" width=\"746\" height=\"380\" srcset=\"http:\/\/aujourdhui.ma\/wp-content\/uploads\/2016\/09\/Cabine-spa.jpg 746w, \/\/aujourdhui.ma\/wp-content\/uploads\/2016\/09\/Cabine-spa-300x153.jpg 300w\" sizes=\"auto, (max-width: 746px) 100vw, 746px\"\/><\/a><\/p>\n<p>Les professionnels revendiquent la r\u00e9ouverture de leurs \u00e9tablissements et critiquent leur exclusion des aides publiques accord\u00e9es \u00e0 des secteurs similaires. Il faut pr\u00e9ciser qu\u2019une mobilisation est pr\u00e9vue ce jeudi \u00e0 partir de 11 h devant la wilaya.<\/p>\n<\/div>\n<p>Auteur: ALM<br \/>\n<a href=\"https:\/\/aujourdhui.ma\/actualite\/les-proprietaires-des-hammam-spa-a-casa-lancent-une-petition\">Cliquez ici pour lire l&rsquo;article depuis sa source.<\/a><\/p>\n","protected":false},"excerpt":{"rendered":"<p>Ils d\u00e9noncent les mesures les ciblant ainsi que leur exclusion des aides accord\u00e9es \u00e0 des secteurs similaires La profession des m\u00e9tiers de Hammams &amp; spas de Casablanca se mobilise. Ces derniers s\u2019indignent devant les mesures de fermeture impos\u00e9es \u00e0 leurs \u00e9tablissements depuis le mois de mars 2020. Dans ce sens, ils viennent de lancer une [&hellip;]<\/p>\n","protected":false},"author":1759,"featured_media":0,"comment_status":"closed","ping_status":"closed","sticky":false,"template":"","format":"standard","meta":{"fifu_image_url":"http:\/\/aujourdhui.ma\/wp-content\/uploads\/2017\/02\/Hammam.jpg","fifu_image_alt":"<div>Les propri\u00e9taires des Hammam & spa \u00e0 Casa lancent une p\u00e9tition<\/div>","footnotes":""},"categories":[73,54],"tags":[],"class_list":["post-109628","post","type-post","status-publish","format-standard","hentry","category-actualite","category-maroc"],"_links":{"self":[{"href":"https:\/\/linitiative.ca\/International\/wp-json\/wp\/v2\/posts\/109628","targetHints":{"allow":["GET"]}}],"collection":[{"href":"https:\/\/linitiative.ca\/International\/wp-json\/wp\/v2\/posts"}],"about":[{"href":"https:\/\/linitiative.ca\/International\/wp-json\/wp\/v2\/types\/post"}],"author":[{"embeddable":true,"href":"https:\/\/linitiative.ca\/International\/wp-json\/wp\/v2\/users\/1759"}],"replies":[{"embeddable":true,"href":"https:\/\/linitiative.ca\/International\/wp-json\/wp\/v2\/comments?post=109628"}],"version-history":[{"count":0,"href":"https:\/\/linitiative.ca\/International\/wp-json\/wp\/v2\/posts\/109628\/revisions"}],"wp:attachment":[{"href":"https:\/\/linitiative.ca\/International\/wp-json\/wp\/v2\/media?parent=109628"}],"wp:term":[{"taxonomy":"category","embeddable":true,"href":"https:\/\/linitiative.ca\/International\/wp-json\/wp\/v2\/categories?post=109628"},{"taxonomy":"post_tag","embeddable":true,"href":"https:\/\/linitiative.ca\/International\/wp-json\/wp\/v2\/tags?post=109628"}],"curies":[{"name":"wp","href":"https:\/\/api.w.org\/{rel}","templated":true}]}}