{"id":109632,"date":"2021-01-20T08:27:28","date_gmt":"2021-01-20T13:27:28","guid":{"rendered":"https:\/\/linitiative.ca\/International\/les-sans-abris-premieres-victimes-du-grand-froid\/"},"modified":"2021-01-20T08:27:28","modified_gmt":"2021-01-20T13:27:28","slug":"les-sans-abris-premieres-victimes-du-grand-froid","status":"publish","type":"post","link":"https:\/\/linitiative.ca\/International\/les-sans-abris-premieres-victimes-du-grand-froid\/","title":{"rendered":"Les sans-abris: premi\u00e8res victimes du grand froid"},"content":{"rendered":"<p class=\"c2\"><strong>Karim Ben Amar<\/strong><\/p>\n<p class=\"has-text-color c3\"><strong>Les pluies diluviennes survenues la semaine derni\u00e8re dans plusieurs r\u00e9gions du Maroc, et qui se poursuivront cette semaine ont fait bien des d\u00e9g\u00e2ts. Sur les r\u00e9seaux sociaux, on a pu visionner des sc\u00e8nes apocalyptiques\u00a0: Tramway submerg\u00e9s, maisons d\u00e9truites, routes endommag\u00e9es. Les plus chanceux ont relev\u00e9 des d\u00e9g\u00e2ts mineurs comme des fuites d\u2019eau dans leurs appartements.<\/strong><\/p>\n<div class=\"wp-block-image\"><img loading=\"lazy\" decoding=\"async\" src=\"http:\/\/albayane.press.ma\/wp-content\/uploads\/2-Macao-16.jpg\" alt=\"\" class=\"wp-image-103587\" width=\"559\" height=\"330\"\/><\/div>\n<p>Quant aux SDF, par ces temps de m\u00e9t\u00e9o peu cl\u00e9mente et de grand froid, ils sont confront\u00e9s de plein fouet au \u00abG\u00e9n\u00e9ral hiver\u00bb. Sans toit, ni v\u00eatements chauds, ils sont expos\u00e9s \u00e0 cette vague de froid. Comment font-ils en cette p\u00e9riode pour se prot\u00e9ger? Sont-ils expos\u00e9s au danger de mort? Re\u00e7oivent-ils de l\u2019aide? Les d\u00e9tails.<\/p>\n<p>Cet hiver restera sans doute grav\u00e9 dans nos m\u00e9moires, comme \u00e9tant l\u2019un des plus froids, du moins dans les grandes villes. Les pluies survenues la semaine pass\u00e9e et qui se poursuivront cette semaine ont caus\u00e9 bien des remous \u00e0 la population, notamment dans les quartiers populaires o\u00f9 des maisons se sont litt\u00e9ralement \u00e9croul\u00e9es. Force est de constater qu\u2019au cours de ces derni\u00e8res inondations, de nombreux d\u00e9g\u00e2ts mat\u00e9riels ont \u00e9t\u00e9 relev\u00e9s dans toutes les r\u00e9gions touch\u00e9es. Les d\u00e9l\u00e9gataires en ont pris pour leurs grades, critiqu\u00e9es de toute part pour leur absence de pr\u00e9vision, de vision, au m\u00eame titre que les \u00e9lus, compl\u00e9tement d\u00e9connect\u00e9s du quotidien et des probl\u00e8mes que connaissent leurs administr\u00e9s.<\/p>\n<div class=\"wp-block-image\"><img loading=\"lazy\" decoding=\"async\" src=\"http:\/\/albayane.press.ma\/wp-content\/uploads\/3-Macao-16.jpg\" alt=\"\" class=\"wp-image-103588\" width=\"562\" height=\"332\"\/><\/div>\n<p>Mais il y a encore plus alarmant. En cette p\u00e9riode de grand froid, pour les SDF, se prot\u00e9ger de la m\u00e9t\u00e9o tr\u00e8s peu cl\u00e9mente, c\u2019est le parcours du combattant. Lorsque nous sommes dot\u00e9s d\u2019un minimum de c\u0153ur et que l\u2019on aper\u00e7oit des SDF dans la rue durant l\u2019hiver, une question est cens\u00e9e nous tarauder l\u2019esprit : mais comment font-ils? Pour y-r\u00e9pondre, l\u2019\u00e9quipe d\u2019Al Bayane a contact\u00e9 Yasser Darra\u00e2, b\u00e9n\u00e9vole dans la fondation Assalam pour le d\u00e9veloppement social.<\/p>\n<p>Pr\u00e9sid\u00e9e par Leila Fetgeh, cette fondation assiste les SDF, et cela tout au long de l\u2019ann\u00e9e. \u00c0 l\u2019aide d\u2019un camion sp\u00e9cialement am\u00e9nag\u00e9 (douches, vestiaires, salle de repos et d\u2019\u00e9coute), les b\u00e9n\u00e9voles de l\u2019association font des tourn\u00e9es de jour comme de nuit pour aller \u00e0 la rencontre des plus d\u00e9munis. Le jeune b\u00e9n\u00e9vole \u00e2g\u00e9 de 29 ans, et op\u00e9rant \u00e0 Casablanca, a assur\u00e9 que la plupart des SDF se trouvent dans les grandes art\u00e8res de la capitale \u00e9conomique du Royaume. \u00abL\u2019on peut les apercevoir \u00e0 la sortie des fast-food et des restaurants. Qu\u00e9mandant \u00e0 boire et \u00e0 manger aux clients, ils se pointent entre 12H et 14H, pour disparaitre jusqu\u2019\u00e0 la nuit tomb\u00e9e. Ils r\u00e9apparaissent entre 20H et 21H\u00bb.<\/p>\n<p>L\u2019\u00e9tudiant en journalisme ajoute que ces SDF sont \u00e2g\u00e9s pour la plupart entre 8 et 16 ans. 70% d\u2019entre eux sont \u00e2g\u00e9s entre 14 et 16 ans. Pour se prot\u00e9ger en cette p\u00e9riode de grand froid, le b\u00e9n\u00e9vole a affirm\u00e9 que la plupart des SDF du centre-ville se r\u00e9fugient dans une villa \u00e0 l\u2019abandon, situ\u00e9e sur le boulevard Zerktouni. Dans cette habitation d\u00e9sol\u00e9e, plus de 300 SDF y squattent depuis le d\u00e9but des pluies.<\/p>\n<p>\u00abSinon, la plupart utilisent des cartons pour se prot\u00e9ger des pluies et du froid. V\u00eatus de v\u00eatements l\u00e9gers, inadapt\u00e9s \u00e0 cette basse temp\u00e9rature et de sandales, ces jeunes souffrent r\u00e9ellement du froid. Avec des habits tremp\u00e9s, ils s\u2019exposent \u00e0 tous types de maladies, sans oublier que leur syst\u00e8me immunitaire est affaibli puisqu\u2019ils ne se nourrissent convenablement\u00bb. Et d\u2019ajouter, \u00abces jeunes risquent leur vie fortuitement. Pas plus tard que la semaine derni\u00e8re, un jeune adolescent de 13 ans a rendu l\u2019\u00e2me dans le quartier Derb Sultan\u00bb.<\/p>\n<div class=\"wp-block-image\"><img loading=\"lazy\" decoding=\"async\" src=\"http:\/\/albayane.press.ma\/wp-content\/uploads\/4-Macao-16.jpg\" alt=\"\" class=\"wp-image-103589\" width=\"554\" height=\"327\"\/><\/div>\n<p>Les SDF sont notoirement solidaires. \u00c0 cet effet, Yasser a annonc\u00e9 que \u00abpour se tenir chaud, ils se blottissent les uns contre les autres comme dans une boite de sardines\u00bb.<\/p>\n<p>Le jeune b\u00e9n\u00e9vole nous a confi\u00e9s son v\u0153u. Il esp\u00e8re qu\u2019un esprit de solidarit\u00e9 se forme \u00e0 l\u2019\u00e9chelle nationale afin de r\u00e9colter des vieux v\u00eatements pour les distribuer aux d\u00e9munis, comme cela se fait en France ou encore en Turquie. \u00abPropre et au sec, les SDF retrouveront ainsi un semblant de dignit\u00e9\u00bb, a-t-il conclu.<\/p>\n<p>Auteur: M&rsquo;hammed rahal<br \/>\n<a href=\"http:\/\/albayane.press.ma\/les-sans-abris-premieres-victimes-du-grand-froid.html\">Cliquez ici pour lire l&rsquo;article depuis sa source.<\/a><\/p>\n","protected":false},"excerpt":{"rendered":"<p>Karim Ben Amar Les pluies diluviennes survenues la semaine derni\u00e8re dans plusieurs r\u00e9gions du Maroc, et qui se poursuivront cette semaine ont fait bien des d\u00e9g\u00e2ts. Sur les r\u00e9seaux sociaux, on a pu visionner des sc\u00e8nes apocalyptiques\u00a0: Tramway submerg\u00e9s, maisons d\u00e9truites, routes endommag\u00e9es. Les plus chanceux ont relev\u00e9 des d\u00e9g\u00e2ts mineurs comme des fuites d\u2019eau [&hellip;]<\/p>\n","protected":false},"author":1760,"featured_media":0,"comment_status":"closed","ping_status":"closed","sticky":false,"template":"","format":"standard","meta":{"fifu_image_url":"http:\/\/albayane.press.ma\/wp-content\/uploads\/2-Macao-16.jpg","fifu_image_alt":"Les sans-abris: premi\u00e8res victimes du grand froid","footnotes":""},"categories":[73,54],"tags":[],"class_list":["post-109632","post","type-post","status-publish","format-standard","hentry","category-actualite","category-maroc"],"_links":{"self":[{"href":"https:\/\/linitiative.ca\/International\/wp-json\/wp\/v2\/posts\/109632","targetHints":{"allow":["GET"]}}],"collection":[{"href":"https:\/\/linitiative.ca\/International\/wp-json\/wp\/v2\/posts"}],"about":[{"href":"https:\/\/linitiative.ca\/International\/wp-json\/wp\/v2\/types\/post"}],"author":[{"embeddable":true,"href":"https:\/\/linitiative.ca\/International\/wp-json\/wp\/v2\/users\/1760"}],"replies":[{"embeddable":true,"href":"https:\/\/linitiative.ca\/International\/wp-json\/wp\/v2\/comments?post=109632"}],"version-history":[{"count":0,"href":"https:\/\/linitiative.ca\/International\/wp-json\/wp\/v2\/posts\/109632\/revisions"}],"wp:attachment":[{"href":"https:\/\/linitiative.ca\/International\/wp-json\/wp\/v2\/media?parent=109632"}],"wp:term":[{"taxonomy":"category","embeddable":true,"href":"https:\/\/linitiative.ca\/International\/wp-json\/wp\/v2\/categories?post=109632"},{"taxonomy":"post_tag","embeddable":true,"href":"https:\/\/linitiative.ca\/International\/wp-json\/wp\/v2\/tags?post=109632"}],"curies":[{"name":"wp","href":"https:\/\/api.w.org\/{rel}","templated":true}]}}