{"id":109633,"date":"2021-01-20T08:53:44","date_gmt":"2021-01-20T13:53:44","guid":{"rendered":"https:\/\/linitiative.ca\/International\/%ef%bb%bfhonorable-distinction-dun-militant-amazigh\/"},"modified":"2021-01-20T08:53:44","modified_gmt":"2021-01-20T13:53:44","slug":"%ef%bb%bfhonorable-distinction-dun-militant-amazigh","status":"publish","type":"post","link":"https:\/\/linitiative.ca\/International\/%ef%bb%bfhonorable-distinction-dun-militant-amazigh\/","title":{"rendered":"\ufeffHonorable distinction d\u2019un militant amazigh"},"content":{"rendered":"<p class=\"c2\"><strong>Dr Mohamed Handaine \u00e9lu \u00e0 l\u2019UNESCO<\/strong><\/p>\n<p class=\"c3\"><strong>Saoudi El Amalki<\/strong><\/p>\n<p><strong>Mohamed Handaine, pr\u00e9sident du Comit\u00e9 de la Coordination des peuples autochtones d\u2019Afrique (IPACC), pr\u00e9sident de la Conf\u00e9d\u00e9ration des associations amazighes du Sud et ancien coordinateur r\u00e9gional pour l\u2019enseignement de la langue amazighe \u00e0 l\u2019Acad\u00e9mie r\u00e9gionale d\u2019\u00e9ducation et de formation de la r\u00e9gion de Souss-Massa-Draa, a \u00e9t\u00e9 \u00e9lu, lundi 18 janvier 2021 par l\u2019UNESCO pour repr\u00e9senter l\u2019Afrique \u00e0 la d\u00e9cennie des Nations Unies des langues autochtones.<\/strong><\/p>\n<p>Connu pour son combat inlassable au service de la valorisation et l\u2019\u00e9mancipation de l\u2019amazighit\u00e9, durant des d\u00e9cennies, cet acteur de longue date s\u2019est attel\u00e9 \u00e0 cette t\u00e2che par des actes concrets et des recherches et \u00e9tudes sur l\u2019historicit\u00e9 et les sp\u00e9cificit\u00e9s de la langue et la culture amazighes.<\/p>\n<p>Il ne cesse de briller aussi par l\u2019\u00e9minence de ses r\u00e9flexions et pens\u00e9es,impr\u00e9gn\u00e9es de mod\u00e9ration et de rationalit\u00e9 f\u00e9condes, ainsi que par des qualit\u00e9s humaines et intellectuelles incontestables. Ce qui lui a valu sans doute, cette honorable cons\u00e9cration.<\/p>\n<p>L\u2019Assembl\u00e9e g\u00e9n\u00e9rale des Nations Unies a approuv\u00e9 \u00e0 la fin de l\u2019ann\u00e9e 2019 la d\u00e9cennie des langues autochtones propos\u00e9e par le comit\u00e9 directeur de l\u2019ann\u00e9e internationale des langues autochtones 2019.<\/p>\n<p>L\u2019UNESCO a supervis\u00e9 la formation du nouveau comit\u00e9 qui supervisera la mise en \u0153uvre du programme international pour cette d\u00e9cennie.<\/p>\n<p>Apr\u00e8s de nombreuses consultations entre repr\u00e9sentants de diff\u00e9rents pays africains, et apr\u00e8s plusieurs r\u00e9unions \u00e0 distance, le Dr Mohamed Handaine, ancien coordinateur r\u00e9gional pour l\u2019enseignement de la langue amazighe \u00e0 l\u2019Acad\u00e9mie Sous Masa Draa (Souss Massa dans la nouvelle division) et pr\u00e9sident de l\u2019IPACC a \u00e9t\u00e9 \u00e9lu en tant que repr\u00e9sentant de l\u2019Afrique et des diff\u00e9rentes associations des peuples autochtones africains.Deux membres du groupe de travail ont \u00e9galement \u00e9t\u00e9 \u00e9lus: Maryam Walat Aboubakrin du Mali, ancienne pr\u00e9sidente de l\u2019Instance permanente des peuples autochtones des Nations Unies, et\u00a0 Johnstone Mali ole Kaunga du Kenya.<\/p>\n<p>Le comit\u00e9 de direction compos\u00e9 de repr\u00e9sentants des peuples autochtones et des repr\u00e9sentants des Etats\u00a0 de l\u2019UNESCO travaillera sur la pr\u00e9paration du plan international pour cette d\u00e9cennie et tiendra sa premi\u00e8re r\u00e9union le mois prochain.<\/p>\n<p>Auteur: M&rsquo;hammed rahal<br \/>\n<a href=\"http:\/\/albayane.press.ma\/%EF%BB%BFhonorable-distinction-dun-militant-amazigh.html\">Cliquez ici pour lire l&rsquo;article depuis sa source.<\/a><\/p>\n","protected":false},"excerpt":{"rendered":"<p>Dr Mohamed Handaine \u00e9lu \u00e0 l\u2019UNESCO Saoudi El Amalki Mohamed Handaine, pr\u00e9sident du Comit\u00e9 de la Coordination des peuples autochtones d\u2019Afrique (IPACC), pr\u00e9sident de la Conf\u00e9d\u00e9ration des associations amazighes du Sud et ancien coordinateur r\u00e9gional pour l\u2019enseignement de la langue amazighe \u00e0 l\u2019Acad\u00e9mie r\u00e9gionale d\u2019\u00e9ducation et de formation de la r\u00e9gion de Souss-Massa-Draa, a \u00e9t\u00e9 [&hellip;]<\/p>\n","protected":false},"author":1760,"featured_media":0,"comment_status":"closed","ping_status":"closed","sticky":false,"template":"","format":"standard","meta":{"fifu_image_url":"","fifu_image_alt":"","footnotes":""},"categories":[73,54],"tags":[],"class_list":["post-109633","post","type-post","status-publish","format-standard","hentry","category-actualite","category-maroc"],"_links":{"self":[{"href":"https:\/\/linitiative.ca\/International\/wp-json\/wp\/v2\/posts\/109633","targetHints":{"allow":["GET"]}}],"collection":[{"href":"https:\/\/linitiative.ca\/International\/wp-json\/wp\/v2\/posts"}],"about":[{"href":"https:\/\/linitiative.ca\/International\/wp-json\/wp\/v2\/types\/post"}],"author":[{"embeddable":true,"href":"https:\/\/linitiative.ca\/International\/wp-json\/wp\/v2\/users\/1760"}],"replies":[{"embeddable":true,"href":"https:\/\/linitiative.ca\/International\/wp-json\/wp\/v2\/comments?post=109633"}],"version-history":[{"count":0,"href":"https:\/\/linitiative.ca\/International\/wp-json\/wp\/v2\/posts\/109633\/revisions"}],"wp:attachment":[{"href":"https:\/\/linitiative.ca\/International\/wp-json\/wp\/v2\/media?parent=109633"}],"wp:term":[{"taxonomy":"category","embeddable":true,"href":"https:\/\/linitiative.ca\/International\/wp-json\/wp\/v2\/categories?post=109633"},{"taxonomy":"post_tag","embeddable":true,"href":"https:\/\/linitiative.ca\/International\/wp-json\/wp\/v2\/tags?post=109633"}],"curies":[{"name":"wp","href":"https:\/\/api.w.org\/{rel}","templated":true}]}}